{"id":13022,"date":"2012-07-16T22:44:17","date_gmt":"2012-07-17T03:44:17","guid":{"rendered":"http:\/\/contraluzcucuta.co\/?p=13022"},"modified":"2012-07-16T22:45:03","modified_gmt":"2012-07-17T03:45:03","slug":"consejo-superior-tendra-15-dias-para-elegir-rector-de-la-ufps","status":"publish","type":"post","link":"https:\/\/contraluzcucuta.co\/?p=13022","title":{"rendered":"Consejo Superior tendr\u00e1 15 d\u00edas para elegir rector de la UFPS"},"content":{"rendered":"<p><strong>CUCUTA.-<\/strong> El Consejo Superior Universitario, m\u00e1ximo \u00f3rgano de la Universidad Francisco de Paula Santander, tiene ahora \u2018el bal\u00f3n\u2019 en sus manos para elegir al nuevo rector. El escogido saldr\u00e1 de entre H\u00e9ctor Parra y Carlos Fl\u00f3rez G\u00f3ngora, \u00fanicos candidatos que superaron el 20 por ciento de la votaci\u00f3n total del fin de semana.<\/p>\n<p>El se\u00f1alado por el Consejo asumir\u00e1 la rector\u00eda de la UFPS para el periodo 2012-2015. Parra ha ejercido el cargo en los \u00faltimos 12 a\u00f1os, mientras que Fl\u00f3rez es profesor de la instituci\u00f3n.<\/p>\n<p>Las propuestas y la hoja de vida de los aspirantes ser\u00e1n analizadas por los nueve miembros del Consejo. La comunidad universitaria los prefiri\u00f3 de la lista de cuatro candidatos y el CSU, por votaci\u00f3n directa, definir\u00e1 al rector.<\/p>\n<p>El Consejo Superior Universitario est\u00e1 conformado de la siguiente manera:<br \/>\n<strong>1.-<\/strong> Un representante del Presidente de la Rep\u00fablica<\/p>\n<p><strong>2.-<\/strong> Un representante de la Ministra de Educaci\u00f3n<\/p>\n<p><strong>3.- <\/strong>El Gobernador de Norte de Santander o su delegado<\/p>\n<p><strong>4<\/strong>.- Un representante de las autoridades acad\u00e9micas<\/p>\n<p><strong>5.-<\/strong> Un representante de los profesores<\/p>\n<p><strong>6.-<\/strong> Un representante de los estudiantes<\/p>\n<p><strong>7.-<\/strong> Un representante de los egresados<\/p>\n<p><strong>8.-<\/strong> Un representante del sector productivo<\/p>\n<p><strong>9.-<\/strong> Un representante de los exrectores.<\/p>\n<p>Los estamentos de la UFPS est\u00e1n a la espera de la decisi\u00f3n final del CSU, que deber\u00e1 tomarse en menos de 15 d\u00edas.<\/p>\n<p>El tercero de los aspirantes en las preferencias electorales \u00c1lvaro Orlando Pedroza, independientemente del rector que el CSU elija, reiter\u00f3 que es necesario construir mecanismos de participaci\u00f3n colectiva, con figuras como el cabildo y la constituyente universitaria, que:<\/p>\n<p><strong>1.-<\/strong> D\u00e9 a todos la opci\u00f3n de participar en el constructo de universidad<\/p>\n<p><strong>2.- <\/strong>Es forzada y sin espera la tarea de ir tras una academia realmente de calidad no opcional y no excluyente donde quepan todos los programas\u00a0 de pregrado y postgrado, presenciales o a distancia, diurnos o nocturnos<\/p>\n<p><strong>3.-<\/strong> Es perentorio un bienestar universitario que rescate la dignidad humana, el derecho a la libre expresi\u00f3n y el respeto a la diferencia en un ambiente de solidaria convivencia en paz dentro de la diversidad.<\/p>\n<p><strong>4.-<\/strong> Es obligatorio centrar el hacer de bienestar en la oferta de opciones, socio-culturales, l\u00fadicas, art\u00edsticas y deportivas que permita a todos su desarrollo integral.<\/p>\n<p>&nbsp; <\/p>\n","protected":false},"excerpt":{"rendered":"<p>CUCUTA.- El Consejo Superior Universitario, m\u00e1ximo \u00f3rgano de la Universidad Francisco de Paula Santander, tiene ahora \u2018el bal\u00f3n\u2019 en sus manos para elegir al nuevo rector. El escogido saldr\u00e1 de entre H\u00e9ctor Parra y Carlos Fl\u00f3rez G\u00f3ngora, \u00fanicos candidatos que superaron el 20 por ciento de la votaci\u00f3n total del fin de semana. El se\u00f1alado &hellip;<\/p>\n","protected":false},"author":1,"featured_media":13023,"comment_status":"open","ping_status":"open","sticky":false,"template":"","format":"standard","meta":{"footnotes":""},"categories":[74,4],"tags":[318,335,229,336],"class_list":["post-13022","post","type-post","status-publish","format-standard","has-post-thumbnail","hentry","category-aula-universitaria","category-barra","tag-cucuta","tag-elecciones","tag-ufps","tag-universidad-francisco-de-paula-santander"],"_links":{"self":[{"href":"https:\/\/contraluzcucuta.co\/index.php?rest_route=\/wp\/v2\/posts\/13022","targetHints":{"allow":["GET"]}}],"collection":[{"href":"https:\/\/contraluzcucuta.co\/index.php?rest_route=\/wp\/v2\/posts"}],"about":[{"href":"https:\/\/contraluzcucuta.co\/index.php?rest_route=\/wp\/v2\/types\/post"}],"author":[{"embeddable":true,"href":"https:\/\/contraluzcucuta.co\/index.php?rest_route=\/wp\/v2\/users\/1"}],"replies":[{"embeddable":true,"href":"https:\/\/contraluzcucuta.co\/index.php?rest_route=%2Fwp%2Fv2%2Fcomments&post=13022"}],"version-history":[{"count":4,"href":"https:\/\/contraluzcucuta.co\/index.php?rest_route=\/wp\/v2\/posts\/13022\/revisions"}],"predecessor-version":[{"id":13027,"href":"https:\/\/contraluzcucuta.co\/index.php?rest_route=\/wp\/v2\/posts\/13022\/revisions\/13027"}],"wp:featuredmedia":[{"embeddable":true,"href":"https:\/\/contraluzcucuta.co\/index.php?rest_route=\/wp\/v2\/media\/13023"}],"wp:attachment":[{"href":"https:\/\/contraluzcucuta.co\/index.php?rest_route=%2Fwp%2Fv2%2Fmedia&parent=13022"}],"wp:term":[{"taxonomy":"category","embeddable":true,"href":"https:\/\/contraluzcucuta.co\/index.php?rest_route=%2Fwp%2Fv2%2Fcategories&post=13022"},{"taxonomy":"post_tag","embeddable":true,"href":"https:\/\/contraluzcucuta.co\/index.php?rest_route=%2Fwp%2Fv2%2Ftags&post=13022"}],"curies":[{"name":"wp","href":"https:\/\/api.w.org\/{rel}","templated":true}]}}