{"id":11605,"date":"2012-04-22T23:32:07","date_gmt":"2012-04-23T04:32:07","guid":{"rendered":"http:\/\/contraluz.co\/?p=11605"},"modified":"2012-04-22T23:32:07","modified_gmt":"2012-04-23T04:32:07","slug":"hacari-epicentro-de-brigada-humanitaria","status":"publish","type":"post","link":"https:\/\/contraluzcucuta.co\/?p=11605","title":{"rendered":"Hacar\u00ed, epicentro de brigada humanitaria"},"content":{"rendered":"<p><strong>HACAR\u00cd.-<\/strong> Mil quinientos habitantes de Hacar\u00ed se beneficiaron con las actividades de la segunda brigada humanitaria, liderada por la Red de Gestores Sociales del Departamento, la Brigada 30 y la Fuerza de Tarea Vulcano del Ej\u00e9rcito. Acompa\u00f1an la actividad la Polic\u00eda, Sena, ICBF, IDS, Registradur\u00eda, Comfaoriente y Alcald\u00eda.<\/p>\n<p>La comunidad recibi\u00f3 atenci\u00f3n en pediatr\u00eda, odontolog\u00eda, optometr\u00eda, fonoaudiolog\u00eda, otorrinolaringolog\u00eda, ortopr\u00f3tesis y medicina general. A los residentes les entregaron lentes formulados, ayudas t\u00e9cnicas, mercados, kits escolares, elementos did\u00e1cticos, ayudas educativas, kits de preicfes y bibliotecas.<\/p>\n<p>El gobernador Edgar D\u00edaz invit\u00f3 a los hacaritenses a conmemorar los d\u00edas del Idioma y de la Danza como actividades culturales y educativas que hacen parte del arraigo regional.<\/p>\n<p>Bajo el lema \u2018Por ti y por m\u00ed, por todos, vac\u00fanate\u201d, de la Organizaci\u00f3n Panamericana de la Salud, el Instituto Departamental de Salud inici\u00f3 la campa\u00f1a mundial de vacunaci\u00f3n.<\/p>\n<p>El objetivo es que mediante 150 puestos que se instalar\u00e1n en zonas rurales y urbanas se apliquen 30.000 vacunas contra la tuberculosis, la hepatitis, la fiebre amarilla \u00a0y la triple viral para disminuir el \u00edndice de mortalidad neonatal.<\/p>\n<p>La instituci\u00f3n educativa San Miguel recibi\u00f3 10 computadores y un tablero inteligente, los puestos de polic\u00eda y de salud un computador, como parte del programa Vive Digital, que incluye a Hacar\u00ed. Como municipio beneficiario tendr\u00e1 zona Wi \u2013 Fi en el parque central, 100 docentes capacitados en el Portal Colombia Aprende y 1.000 capacitados y certificados en el uso de las TIC.<\/p>\n<p>Al finalizar la jornada, acompa\u00f1ado por el alcalde de Hacar\u00ed, Numar Yes\u00edd P\u00e9rez, el representante a la c\u00e1mara, Ciro Rodr\u00edguez, y parte de su gabinete, el Gobernador inaugur\u00f3 una sala de inform\u00e1tica que la Red de Gestores Sociales consigui\u00f3 para el Hogar Juvenil Campesino del sector.<\/p>\n<p>El gobernador \u00c9dgar D\u00edaz abri\u00f3 en Hacar\u00ed la Campa\u00f1a Mundial de Vacunaci\u00f3n, el programa Norte de Santander Vive Digital y las conmemoraciones de los d\u00edas del Idioma y de la Danza, que se celebran en abril.<\/p>\n<p>&nbsp; <\/p>\n","protected":false},"excerpt":{"rendered":"<p>HACAR\u00cd.- Mil quinientos habitantes de Hacar\u00ed se beneficiaron con las actividades de la segunda brigada humanitaria, liderada por la Red de Gestores Sociales del Departamento, la Brigada 30 y la Fuerza de Tarea Vulcano del Ej\u00e9rcito. Acompa\u00f1an la actividad la Polic\u00eda, Sena, ICBF, IDS, Registradur\u00eda, Comfaoriente y Alcald\u00eda. La comunidad recibi\u00f3 atenci\u00f3n en pediatr\u00eda, odontolog\u00eda, &hellip;<\/p>\n","protected":false},"author":1,"featured_media":11607,"comment_status":"open","ping_status":"open","sticky":false,"template":"","format":"standard","meta":{"footnotes":""},"categories":[32],"tags":[243],"class_list":["post-11605","post","type-post","status-publish","format-standard","has-post-thumbnail","hentry","category-recorrido-por-la-region","tag-gobernador-edgar-diaz"],"_links":{"self":[{"href":"https:\/\/contraluzcucuta.co\/index.php?rest_route=\/wp\/v2\/posts\/11605","targetHints":{"allow":["GET"]}}],"collection":[{"href":"https:\/\/contraluzcucuta.co\/index.php?rest_route=\/wp\/v2\/posts"}],"about":[{"href":"https:\/\/contraluzcucuta.co\/index.php?rest_route=\/wp\/v2\/types\/post"}],"author":[{"embeddable":true,"href":"https:\/\/contraluzcucuta.co\/index.php?rest_route=\/wp\/v2\/users\/1"}],"replies":[{"embeddable":true,"href":"https:\/\/contraluzcucuta.co\/index.php?rest_route=%2Fwp%2Fv2%2Fcomments&post=11605"}],"version-history":[{"count":0,"href":"https:\/\/contraluzcucuta.co\/index.php?rest_route=\/wp\/v2\/posts\/11605\/revisions"}],"wp:attachment":[{"href":"https:\/\/contraluzcucuta.co\/index.php?rest_route=%2Fwp%2Fv2%2Fmedia&parent=11605"}],"wp:term":[{"taxonomy":"category","embeddable":true,"href":"https:\/\/contraluzcucuta.co\/index.php?rest_route=%2Fwp%2Fv2%2Fcategories&post=11605"},{"taxonomy":"post_tag","embeddable":true,"href":"https:\/\/contraluzcucuta.co\/index.php?rest_route=%2Fwp%2Fv2%2Ftags&post=11605"}],"curies":[{"name":"wp","href":"https:\/\/api.w.org\/{rel}","templated":true}]}}