{"id":11591,"date":"2012-04-22T16:39:07","date_gmt":"2012-04-22T21:39:07","guid":{"rendered":"http:\/\/contraluz.co\/?p=11591"},"modified":"2012-04-22T16:39:07","modified_gmt":"2012-04-22T21:39:07","slug":"estudiantes-piden-a-santos-mayor-atencion-para-la-ufps","status":"publish","type":"post","link":"https:\/\/contraluzcucuta.co\/?p=11591","title":{"rendered":"Estudiantes piden a Santos mayor atenci\u00f3n para la UFPS"},"content":{"rendered":"<p><strong>C\u00daCUTA.-<\/strong> El Movimiento de estudiantes por un cambio en la UFPS le solicit\u00f3 al presidente Juan Manuel Santos volcar la atenci\u00f3n sobre los problemas estructurales de la Universidad Francisco de Paula Santander, sedes C\u00facuta y Oca\u00f1a.<\/p>\n<p>\u201cEstamos en una crisis profunda que de no resolverse terminar\u00e1 truncando la esperanza de los j\u00f3venes en esta convulsionada zona de frontera\u201d, dicen los alumnos de las diversas carreras en la carta al mandatario.<\/p>\n<p>En el an\u00e1lisis que presentan en el documento, explican que la crisis de la universidad es consecuencia de la inequitativa distribuci\u00f3n de recursos para las universidades p\u00fablicas del pa\u00eds y de la falta de planificaci\u00f3n integral que sit\u00fae a los centros de estudios superiores en camino del verdadero proyecto acad\u00e9mico, social y cultural.<\/p>\n<p>Le recordaron al Presidente que en la la VI Cumbre de las Am\u00e9ricas, reci\u00e9n reunida en Cartagena, consider\u00f3 la inversi\u00f3n en educaci\u00f3n como la estrategia efectiva de los pa\u00edses en desarrollo para enfrentar la pobreza y romper el aumento de la brecha entre ricos y pobres que lleva a un atraso social entre generaciones.<\/p>\n<p>\u201cEn su visi\u00f3n de una Am\u00e9rica pr\u00f3spera, usted enfatiz\u00f3 en ese foro, que la educaci\u00f3n representa un mecanismo social que puede proveer igualdad de oportunidades para los ciudadanos y jalonar procesos de bienestar para las sociedades\u201d, se\u00f1alaron los estudiantes.<\/p>\n<p>Indicaron que desean creer que los llamados de los mandatarios sobre ese asunto \u201cno constituyen una simple ret\u00f3rica sino un mandato pol\u00edtico urgente e imperioso para afrontar los verdaderos desaf\u00edos de las Am\u00e9ricas en su transici\u00f3n hacia la modernidad\u201d.<\/p>\n<p>Ante el an\u00e1lisis de la situaci\u00f3n, y entendiendo los problemas que afectan a la Universidad, presentaron a Santos las siguientes propuestas:<\/p>\n<p><strong>1.-<\/strong> La universidad lidere una pol\u00edtica p\u00fablica respaldada desde el Ministerio de Educaci\u00f3n, Colciencias y la Gobernaci\u00f3n de Norte de Santander que garantice becas de posgrado para m\u00e1s de 500 j\u00f3venes profesionales en las \u00e1reas del conocimiento claves para dotar la regi\u00f3n del recurso humano necesario para propiciar una investigaci\u00f3n cient\u00edfica de calidad sobre nuestros problemas fundamentales y para establecer el desarrollo del conocimiento como parte del crecimiento de la sociedad.<\/p>\n<p><strong>2.- <\/strong>La UFPS debe incorporar a la planta docente de C\u00facuta y Oca\u00f1a a 600 nuevos profesores de alto nivel que puedan replicar sus experiencias acad\u00e9micas en los estudiantes y apalancar el crecimiento vertical para el avance y consolidaci\u00f3n de la investigaci\u00f3n.<\/p>\n<p><strong>3.-<\/strong> Nuestra universidad requiere descongelar el concurso de personal administrativo que se ha establecido desde hace 15 a\u00f1os y darle de este modo paso a la incorporaci\u00f3n de 250 nuevos funcionarios de planta en sus diversas categor\u00edas como apoyo al desarrollo de los preceptos misionales de la universidad.<\/p>\n<p><strong>4.- <\/strong>La Universidad, en consecuencia, debe tener como prioridad triplicar la base presupuestal en los pr\u00f3ximos tres a\u00f1os, y llegar a cerca de $180.000 millones de presupuesto anual para soportar la pol\u00edtica de desarrollo, excelencia y calidad.<\/p>\n<p>\u201cPensamos, presidente Santos, que bajo estos presupuestos, la UFPS tendr\u00e1 los elementos necesarios para comenzar a brindar una educaci\u00f3n de calidad y con resultados concretos en beneficio de los nortesantandereanos y del pa\u00eds\u201d, se\u00f1alaron los estudiantes en la misiva.<\/p>\n<p>La Universidad Francisco de Paula Santander cumplir\u00e1 50 a\u00f1os, el 5 de julio. El Movimiento estima que \u201cdebe sobrevivir y sobresalir ante los nuevos retos que su gobierno plantea a las universidades p\u00fablicas del pa\u00eds, pero sobre todo debe tomar distancia de aquello que promueve y mantiene su atraso acad\u00e9mico y cient\u00edfico\u201d.<\/p>\n<p>Exhortaron a Juan Manuel Santos a que los acompa\u00f1e y se comprometa en el proceso de cambio que promueven con decisi\u00f3n. \u201cNuestro anhelo de una mejor universidad debe contar con su apoyo frontal y su voto por un cambio de visi\u00f3n desde el Consejo Superior Universitario\u201d.<\/p>\n<p>Los promotores del Movimiento aspiran a respaldar la carta con m\u00e1s de 10.000 firmas que recolectar\u00e1n, esta semana, entre estudiantes y ciudadanos.<\/p>\n<p>&nbsp; <\/p>\n","protected":false},"excerpt":{"rendered":"<p>C\u00daCUTA.- El Movimiento de estudiantes por un cambio en la UFPS le solicit\u00f3 al presidente Juan Manuel Santos volcar la atenci\u00f3n sobre los problemas estructurales de la Universidad Francisco de Paula Santander, sedes C\u00facuta y Oca\u00f1a. \u201cEstamos en una crisis profunda que de no resolverse terminar\u00e1 truncando la esperanza de los j\u00f3venes en esta convulsionada &hellip;<\/p>\n","protected":false},"author":1,"featured_media":11593,"comment_status":"open","ping_status":"open","sticky":false,"template":"","format":"standard","meta":{"footnotes":""},"categories":[74,4],"tags":[324,229],"class_list":["post-11591","post","type-post","status-publish","format-standard","has-post-thumbnail","hentry","category-aula-universitaria","category-barra","tag-juan-manuel-santos","tag-ufps"],"_links":{"self":[{"href":"https:\/\/contraluzcucuta.co\/index.php?rest_route=\/wp\/v2\/posts\/11591","targetHints":{"allow":["GET"]}}],"collection":[{"href":"https:\/\/contraluzcucuta.co\/index.php?rest_route=\/wp\/v2\/posts"}],"about":[{"href":"https:\/\/contraluzcucuta.co\/index.php?rest_route=\/wp\/v2\/types\/post"}],"author":[{"embeddable":true,"href":"https:\/\/contraluzcucuta.co\/index.php?rest_route=\/wp\/v2\/users\/1"}],"replies":[{"embeddable":true,"href":"https:\/\/contraluzcucuta.co\/index.php?rest_route=%2Fwp%2Fv2%2Fcomments&post=11591"}],"version-history":[{"count":0,"href":"https:\/\/contraluzcucuta.co\/index.php?rest_route=\/wp\/v2\/posts\/11591\/revisions"}],"wp:attachment":[{"href":"https:\/\/contraluzcucuta.co\/index.php?rest_route=%2Fwp%2Fv2%2Fmedia&parent=11591"}],"wp:term":[{"taxonomy":"category","embeddable":true,"href":"https:\/\/contraluzcucuta.co\/index.php?rest_route=%2Fwp%2Fv2%2Fcategories&post=11591"},{"taxonomy":"post_tag","embeddable":true,"href":"https:\/\/contraluzcucuta.co\/index.php?rest_route=%2Fwp%2Fv2%2Ftags&post=11591"}],"curies":[{"name":"wp","href":"https:\/\/api.w.org\/{rel}","templated":true}]}}