{"id":11580,"date":"2012-04-22T09:03:26","date_gmt":"2012-04-22T14:03:26","guid":{"rendered":"http:\/\/contraluz.co\/?p=11580"},"modified":"2012-04-22T09:03:26","modified_gmt":"2012-04-22T14:03:26","slug":"oportunidad-perdida-ciudades-competitivas-y-sostenibles","status":"publish","type":"post","link":"https:\/\/contraluzcucuta.co\/?p=11580","title":{"rendered":"Oportunidad perdida: \u2018Ciudades competitivas y sostenibles\u2019"},"content":{"rendered":"<p>La inclusi\u00f3n de la ciudad en un programa piloto como el de \u2018Ciudades Sostenibles y Competitivas\u2019, es una oportunidad para reenfocar los planes de desarrollo, priorizar recursos, redireccionar de manera eficiente el crecimiento bajo criterios de sostenibilidad y competitividad, reelaborar la estructura de programas de educaci\u00f3n y hacer un desarrollo compatible con el entorno. Adem\u00e1s del aprendizaje que hubiera recibido un equipo interdisciplinario de profesionales de la C\u00facuta, con teor\u00edas y proyectos de \u00faltima generaci\u00f3n, de actualidad. Desde donde se le mire, la ciudad, nuestra C\u00facuta hubiera recibido una inyecci\u00f3n de modernidad, de formaci\u00f3n profesional y de recursos para ese conocimiento. Hubi\u00e9ramos sido una ciudad para emular.<\/p>\n<p>C\u00facuta no est\u00e1 en ese grupo de cinco ciudades. A Donamaris se le inform\u00f3 por diversos medios. Entiendo, uno de los secretarios se lo coment\u00f3. Un senador me ha escrito que tambi\u00e9n habl\u00f3 del tema con \u00e9l.<\/p>\n<p>Me sorprende que nuestros representantes en el Congreso digan ahora que no pueden imponerle nada al Alcalde, que solo le sugieren, le recomiendan y que es el Alcalde quien toma la decisi\u00f3n.<\/p>\n<p>Es bien conocido, c\u00f3mo los congresistas se imponen sobre qui\u00e9n sea cuando alg\u00fan asuntillo de su inter\u00e9s se convierte en prioridad de su gesti\u00f3n: un proyecto civil, un nombramiento o el cobro de una comisi\u00f3n. Esa ha sido la historia en Colombia.<\/p>\n<p>En los 90, form\u00e9 parte de 45 becarios sobre la ciencia de la conservaci\u00f3n y biodiversidad, organizado y pagado por la fundaci\u00f3n gringa WCI, Inderena y el Colegio Verde de Villa de Leyva. Cuarenta bi\u00f3logos, forestales y economistas del pa\u00eds, fuimos encerrados durante un mes en el Santuario de Flora y Fauna en Iguaque. Uno de los m\u00f3dulos fue una charla dictada por un economista con maestr\u00eda en medioambiente en Yale, asesor en ese momento de Planeaci\u00f3n Nacional. El hombre nos cont\u00f3 una an\u00e9cdota de c\u00f3mo Virgilio Barco Vargas, entonces presidente, aburrido de que la bancada nortesantandereana se aprovechara de la amistad y se le parqueara por horas para ser recibida solo para o\u00edr y escuchar cuentos que un congresista echaba del otro y duraban toda la tarde en Palacio.<\/p>\n<p>Barco Vargas, \u201cmamado\u201d de esa din\u00e1mica, le orden\u00f3 a uno de los secretarios que les dijera a los nortesantandereanos que no tendr\u00eda tiempo para recibirlos, si no llegaban con proyectos en concreto, por escrito, cumpliendo con las normas t\u00e9cnicas de un trabajo de esta clase. Curiosamente, los nortesantandereanos no volvieron.<\/p>\n<p>Por el contrario, la bancada paisa, independientemente de sus diferencias regionales, se iba en gallada y entre todos gestionaban recursos para su regi\u00f3n. El resultado, los antioque\u00f1os se llevaron en ese a\u00f1o el 51 % de la inversi\u00f3n nacional en carreteras.<\/p>\n<p>Cuando uno va a Medell\u00edn, se siente en otro pa\u00eds. Medell\u00edn es la primera ciudad de Colombia que implementa un parque tecnol\u00f3gico y para los que no saben qu\u00e9 es eso, quiere decir que la ciudad se convertir\u00e1 en un punto de inversi\u00f3n en tecnolog\u00eda de inform\u00e1tica, celulares, computadores, desarrollo de software. Hewlett-Packard va o est\u00e1 montando una planta ensambladora de PC en Medell\u00edn. Eso se traduce en oferta de empleo, en inversi\u00f3n en la regi\u00f3n y en empleo de primera calidad para profesionales. Para ello, es necesario trasformar la estructura educativa de la ciudad, el aprendizaje del ingl\u00e9s a cualquier nivel, mejoramiento de los niveles de calidad educativa en matem\u00e1ticas, en f\u00edsica, en comprensi\u00f3n de lectura y an\u00e1lisis de lo que se lee.<\/p>\n<p>De todos los candidatos a la Alcald\u00eda de C\u00facuta el a\u00f1o pasado, ninguno, ninguno, ten\u00eda un plan de desarrollo educativo para C\u00facuta. La informaci\u00f3n sobre el tema era de una pobreza absoluta. Solo se basaban en la intenci\u00f3n de ampliar los cupos en escuelas y colegios p\u00fablicos. Si en C\u00facuta no se da un viraje de 180 grados en materia educativa, la ciudad no ser\u00e1 competitiva y todos sabemos el nivel de nuestra educaci\u00f3n en el bachillerato y en las universidades de la regi\u00f3n. Estas \u00faltimas, las p\u00fablicas, totalmente politizadas.<\/p>\n<p>Quien quiere leer que lea: no tenemos l\u00edderes con visi\u00f3n. Las oportunidades les pasan por el frente y no ven la importancia, se dedican a la pol\u00edtica de parroquia, a repartir puestos, contraticos y a cobrar las comisiones. Carecen de un programa y de objetivos concretos de ad\u00f3nde quieren llevar a la ciudad y al departamento.<\/p>\n<p>Se perdi\u00f3 una oportunidad \u00fanica para la ciudad. La miop\u00eda y la visi\u00f3n obtusa de nuestros pol\u00edticos se traducen en la continua y permanente decepci\u00f3n y frustraci\u00f3n para nuestra regi\u00f3n. Algo m\u00e1s diciente que lo que le ha sucedido a Gramalote no puede haber en Colombia. Esa situaci\u00f3n es el ejemplo m\u00e1s grande de incapacidad de gesti\u00f3n, de negligencia, de incompetencia. A eso est\u00e1n reducidos los l\u00edderes de Norte de Santander y eso se da a cualquier nivel. Pobreza absoluta en la mente de nuestros dirigentes. Qu\u00e9 podemos esperar.<\/p>\n<p><strong>ALEJANDRO GUERRERO LAVERDE<\/strong><\/p>\n<p><a href=\"http:\/\/www.observatoriourbanocucuta.org\/columnistas\/alejandro-canal\/81-una-oportunidad-perdida\">http:\/\/www.observatoriourbanocucuta.org\/columnistas\/alejandro-canal\/81-una-oportunidad-perdida<\/a><\/p>\n<p>&nbsp; <\/p>\n","protected":false},"excerpt":{"rendered":"<p>La inclusi\u00f3n de la ciudad en un programa piloto como el de \u2018Ciudades Sostenibles y Competitivas\u2019, es una oportunidad para reenfocar los planes de desarrollo, priorizar recursos, redireccionar de manera eficiente el crecimiento bajo criterios de sostenibilidad y competitividad, reelaborar la estructura de programas de educaci\u00f3n y hacer un desarrollo compatible con el entorno. Adem\u00e1s &hellip;<\/p>\n","protected":false},"author":1,"featured_media":11581,"comment_status":"open","ping_status":"open","sticky":false,"template":"","format":"standard","meta":{"footnotes":""},"categories":[6],"tags":[],"class_list":["post-11580","post","type-post","status-publish","format-standard","has-post-thumbnail","hentry","category-ojo-avizor"],"_links":{"self":[{"href":"https:\/\/contraluzcucuta.co\/index.php?rest_route=\/wp\/v2\/posts\/11580","targetHints":{"allow":["GET"]}}],"collection":[{"href":"https:\/\/contraluzcucuta.co\/index.php?rest_route=\/wp\/v2\/posts"}],"about":[{"href":"https:\/\/contraluzcucuta.co\/index.php?rest_route=\/wp\/v2\/types\/post"}],"author":[{"embeddable":true,"href":"https:\/\/contraluzcucuta.co\/index.php?rest_route=\/wp\/v2\/users\/1"}],"replies":[{"embeddable":true,"href":"https:\/\/contraluzcucuta.co\/index.php?rest_route=%2Fwp%2Fv2%2Fcomments&post=11580"}],"version-history":[{"count":0,"href":"https:\/\/contraluzcucuta.co\/index.php?rest_route=\/wp\/v2\/posts\/11580\/revisions"}],"wp:attachment":[{"href":"https:\/\/contraluzcucuta.co\/index.php?rest_route=%2Fwp%2Fv2%2Fmedia&parent=11580"}],"wp:term":[{"taxonomy":"category","embeddable":true,"href":"https:\/\/contraluzcucuta.co\/index.php?rest_route=%2Fwp%2Fv2%2Fcategories&post=11580"},{"taxonomy":"post_tag","embeddable":true,"href":"https:\/\/contraluzcucuta.co\/index.php?rest_route=%2Fwp%2Fv2%2Ftags&post=11580"}],"curies":[{"name":"wp","href":"https:\/\/api.w.org\/{rel}","templated":true}]}}