{"id":11569,"date":"2012-04-22T08:46:59","date_gmt":"2012-04-22T13:46:59","guid":{"rendered":"http:\/\/contraluz.co\/?p=11569"},"modified":"2012-04-22T08:46:59","modified_gmt":"2012-04-22T13:46:59","slug":"medalla-honor-al-merito-insigne-para-ligia-echeverria","status":"publish","type":"post","link":"https:\/\/contraluzcucuta.co\/?p=11569","title":{"rendered":"Medalla Honor al M\u00e9rito Insigne para Ligia Echeverr\u00eda"},"content":{"rendered":"<p><strong>C\u00daCUTA.-<\/strong> Do\u00f1a Ligia Echeverr\u00eda de Cabezas Qui\u00f1ones recibi\u00f3 la medalla Honor al M\u00e9rito Insigne, como impulsora del periodismo en la regi\u00f3n y por la entrega a las causas sociales.<\/p>\n<p>La medalla, s\u00edmbolo de reconocimiento y gratitud, la entreg\u00f3 el alcalde Donamaris Ram\u00edrez en nombre de los cucute\u00f1os. \u00a0La imposici\u00f3n no estuvo revestida de solemnidades y protocolo. A cambio, cont\u00f3 con un toque de emotividad en el que afloraron los recuerdos de la homenajeada.<\/p>\n<p>El alcalde Ram\u00edrez reconoce a do\u00f1a Ligia como su \u201cmam\u00e1 en el periodismo\u201d. A los 11 a\u00f1os, ingres\u00f3 al Diario de La Frontera. Carlos Ram\u00edrez Par\u00eds lo puso en manos de Ligia Echeverr\u00eda para que lo criara period\u00edsticamente.<\/p>\n<p>Do\u00f1a Ligia acompa\u00f1\u00f3 a Luis Parra Bol\u00edvar, el 17 de febrero de 1951, en la fundaci\u00f3n del matutino. Posteriormente, con Teodosio Cabezas, forjaron varias generaciones de periodistas.<\/p>\n<p>Las an\u00e9cdotas afloraron y el traj\u00edn de la prensa de aquellos a\u00f1os, trajeron al presente el proceso de fundici\u00f3n de los tipos para componer los textos, las \u2018cenefadas\u2019 tiras de texto, la fotocomposici\u00f3n y las empasteladas cuando la tinta se corr\u00eda y hab\u00eda que corregir.<\/p>\n<p>El Decreto 064 de 2012, destac\u00f3 la trayectoria de Ligia Echeverr\u00eda como alma y nervio del Diario de La Frontera, C\u00f3nsul de Colombia en San Antonio del T\u00e1chira (Venezuela), Secretaria de Gobierno de C\u00facuta y concejala en la d\u00e9cada de los 80. Adem\u00e1s, \u00a0las causas nobles y a favor de los necesitados, en las que particip\u00f3, que hicieron de ella un modelo a seguir como ejemplar ciudadana.<\/p>\n<p>La homenajeada agradeci\u00f3 al Alcalde y a los miembros del C\u00edrculo de Periodistas y Comunicadores de Norte de Santander, Mary Stapper, V\u00edctor Hern\u00e1ndez, Jos\u00e9 del Carmen Bernal, Alejandro Acosta, Hugo Echeverry y Francisco Varela.<\/p>\n<p>Al imponer la distinci\u00f3n, el alcalde Donamaris Ram\u00edrez afirm\u00f3 que \u201ces poco lo que entregamos ante la inmensidad de un ser humano como Do\u00f1a Ligia\u201d. La calific\u00f3 como una persona querida en la ciudad y merecedora del reconocimiento, por la rectitud y el ejemplo.<\/p>\n<p>Queda en la memoria de los presentes, el encuentro de dos generaciones de periodistas, unidas por el respeto y la admiraci\u00f3n mutua, con el \u00fanico prop\u00f3sito de C\u00facuta para Grandes Cosas.<\/p>\n<p>&nbsp; <\/p>\n","protected":false},"excerpt":{"rendered":"<p>C\u00daCUTA.- Do\u00f1a Ligia Echeverr\u00eda de Cabezas Qui\u00f1ones recibi\u00f3 la medalla Honor al M\u00e9rito Insigne, como impulsora del periodismo en la regi\u00f3n y por la entrega a las causas sociales. La medalla, s\u00edmbolo de reconocimiento y gratitud, la entreg\u00f3 el alcalde Donamaris Ram\u00edrez en nombre de los cucute\u00f1os. \u00a0La imposici\u00f3n no estuvo revestida de solemnidades y &hellip;<\/p>\n","protected":false},"author":1,"featured_media":11570,"comment_status":"open","ping_status":"open","sticky":false,"template":"","format":"standard","meta":{"footnotes":""},"categories":[45],"tags":[],"class_list":["post-11569","post","type-post","status-publish","format-standard","has-post-thumbnail","hentry","category-destacado"],"_links":{"self":[{"href":"https:\/\/contraluzcucuta.co\/index.php?rest_route=\/wp\/v2\/posts\/11569","targetHints":{"allow":["GET"]}}],"collection":[{"href":"https:\/\/contraluzcucuta.co\/index.php?rest_route=\/wp\/v2\/posts"}],"about":[{"href":"https:\/\/contraluzcucuta.co\/index.php?rest_route=\/wp\/v2\/types\/post"}],"author":[{"embeddable":true,"href":"https:\/\/contraluzcucuta.co\/index.php?rest_route=\/wp\/v2\/users\/1"}],"replies":[{"embeddable":true,"href":"https:\/\/contraluzcucuta.co\/index.php?rest_route=%2Fwp%2Fv2%2Fcomments&post=11569"}],"version-history":[{"count":0,"href":"https:\/\/contraluzcucuta.co\/index.php?rest_route=\/wp\/v2\/posts\/11569\/revisions"}],"wp:attachment":[{"href":"https:\/\/contraluzcucuta.co\/index.php?rest_route=%2Fwp%2Fv2%2Fmedia&parent=11569"}],"wp:term":[{"taxonomy":"category","embeddable":true,"href":"https:\/\/contraluzcucuta.co\/index.php?rest_route=%2Fwp%2Fv2%2Fcategories&post=11569"},{"taxonomy":"post_tag","embeddable":true,"href":"https:\/\/contraluzcucuta.co\/index.php?rest_route=%2Fwp%2Fv2%2Ftags&post=11569"}],"curies":[{"name":"wp","href":"https:\/\/api.w.org\/{rel}","templated":true}]}}