{"id":11564,"date":"2012-04-21T12:59:53","date_gmt":"2012-04-21T17:59:53","guid":{"rendered":"http:\/\/contraluz.co\/?p=11564"},"modified":"2012-04-21T12:59:53","modified_gmt":"2012-04-21T17:59:53","slug":"jose-neira-rey-servir-no-es-dar-plata","status":"publish","type":"post","link":"https:\/\/contraluzcucuta.co\/?p=11564","title":{"rendered":"Jos\u00e9 Neira Rey, servir no es dar plata"},"content":{"rendered":"<p>Jos\u00e9 Neira Rey es el hombre orquesta. Es abogado egresado de la Universidad Libre, estudi\u00f3 \u00a0econom\u00eda,\u00a0 su pasi\u00f3n es la \u00a0filosof\u00eda, ha incursionado en la radio \u00a0y el pasatiempo preferido el estudio de fen\u00f3menos paranormales.<\/p>\n<p>Es sincero. Le molesta la mentira, el enga\u00f1o, el zafarrancho\u00a0 y el despotismo.<\/p>\n<p>Lo hace feliz la tranquilidad y escuchar m\u00fasica cl\u00e1sica. Admira a los compositores \u00a0Tchaikovsky y al noruego Eduard Grieg.<\/p>\n<p>Su fundamento de vida es aprender y servir. \u201cAl mundo no venimos a comer helados y a que nos digan doctor.\u00a0 Se aprende todos los d\u00edas, cantando, observando. Servir no es dar plata, puedo servir brindando una sonrisa, acompa\u00f1ando a un amigo en la desgracia. Cuando partamos nos llevamos lo que aprendimos y lo que servimos\u201d.<\/p>\n<p>Naci\u00f3\u00a0 en Bucaramanga.\u00a0 All\u00ed estudi\u00f3 hasta noveno de bachillerato. Lleg\u00f3 a C\u00facuta debido a que su padre, trabajador de Tejicondor,\u00a0 fue trasladado a esta ciudad. Termin\u00f3 la secundaria\u00a0 en el colegio Sagrado Coraz\u00f3n de Jes\u00fas. Donde el sacerdote Zald\u00edvar descubri\u00f3 sus dotes para la escritura.<\/p>\n<p>Se caracteriz\u00f3 por ser buen estudiante. Le gustaba la radio. En el colegio narraba los encuentros deportivos de basquetbol, voleibol y f\u00fatbol. Una vez un locutor lo invit\u00f3 a trasmitir un partido del C\u00facuta Deportivo. En el segundo tiempo Neira se equivoc\u00f3: \u201cHa ponido el esf\u00e9rico la garza Caicedo\u201d. Se dio cuenta del error y avergonzado dijo que jam\u00e1s volver\u00eda a tocar un micr\u00f3fono. El locutor le dijo que eso era producto de los nervios. As\u00ed empez\u00f3 la trayectoria en la radio.<\/p>\n<p>Estudi\u00f3 un semestre de Medicina en la Universidad Libre (Bogot\u00e1), \u00a0se dio cuenta de que no era lo suyo y se pas\u00f3 a derecho. En la capital del pa\u00eds, fue locutor de algunos programas radiales de la emisora Nuevo Mundo. Presenci\u00f3 los problemas de la toma de poder de Gustavo Rojas Pinilla. Termin\u00f3 segundo a\u00f1o de derecho y decidi\u00f3 trasladarse a Barranquilla, donde hizo tercero y cuarto a\u00f1o.<\/p>\n<p>En la capital del Atl\u00e1ntico se dedic\u00f3 a hacer radio. Conoci\u00f3 a la holandesa Ilda Jane Zalentein. Fue amor a primera vista. Esposa y madre de sus tres hijos. Wlamyr, Willmar y Waldir.<\/p>\n<p>Termin\u00f3 la carrera en Bogot\u00e1. Reci\u00e9n egresado, su padre sufri\u00f3 una trombosis, por lo que debi\u00f3 venir a C\u00facuta para estar pendiente de la salud del progenitor.<\/p>\n<p>En la capital Nortesantandereana no conoc\u00eda a nadie. Habl\u00f3 directamente con el alcalde Luis Rodr\u00edguez y le permiti\u00f3 hacer la\u00a0 \u00a0pr\u00e1ctica de judicatura. En 1961, antes de terminar el a\u00f1o de judicatura, tuvo la oportunidad de\u00a0 ser director de Fenalco. Dirigi\u00f3 el radio-peri\u00f3dico \u2018El Tribunal del Pueblo\u2019, en la Voz del Norte y en la Voz de La Gran Colombia.<\/p>\n<p>Fue promotor de la primera Feria Nacional de la Frontera, en 1968. Impuls\u00f3 y organiz\u00f3 hasta la octava Feria y gestion\u00f3 la primera feria internacional de C\u00facuta.<\/p>\n<p>Ese fue el inicio de muchos \u00e9xitos en la trayectoria profesional. Fue delegado de Colombia en M\u00e9xico, embajador de Colombia en Finlandia, presidente de la C\u00e1mara de Comercio Colombo- Venezolana,\u00a0 presidente de Fundempresa, gerente de las Empresas P\u00fablicas Municipales, gerente de Bolautos (Compa\u00f1\u00eda Bolivariana de autos), director de la Caja de Compensaci\u00f3n Familiar, director de la Corporaci\u00f3n de Ferias y eventos de la Frontera, due\u00f1o y director de la emisora Voz de la Gran Colombia.<\/p>\n<p>El presidente Belisario Betancourt lo nombr\u00f3 Secretario de Asuntos Fronterizos. Neira en esa ocasi\u00f3n le dijo \u201cPresidente, usted no me puede nombrar porque soy cr\u00edtico suyo. No tengo como\u00a0 desplazarme a Bogot\u00e1. Adem\u00e1s, no creo en palabras sino en realidades\u201d.<\/p>\n<p>El mandatario \u00a0le respondi\u00f3 que no hablaba con Belisario Betancourt sino con el presidente de la Rep\u00fablica y que le ofrec\u00eda todo para estar constantemente en Bogot\u00e1.<\/p>\n<p>\u201cLe dije, Presidente, soy su soldado. Pero acepto con la condici\u00f3n que me diga qu\u00e9 es lo que tengo que hacer. El d\u00eda de la posesi\u00f3n el mandatario me dijo que cuando se originara alg\u00fan problema en la frontera, presentara la soluci\u00f3n que me pareciera conveniente y cuando necesitara hablar con \u00e9l, no tocar\u00e1 la puerta del despacho, sino entrara de una vez\u201d.<\/p>\n<p>Para Neira todos los cargos exigen responsabilidad. \u201cA veces no se cumplen todos los prop\u00f3sitos previstos; sin embargo, lo que uno haga debe hacerlo de la mejor manera y con voluntad\u201d.<\/p>\n<p>Escribi\u00f3 el libro \u2018Desde el final de la tierra\u2019. Relata la experiencia como Embajador de Colombia en Finlandia (1993-1995) y cuneta la vida de este pa\u00eds n\u00f3rdico.<\/p>\n<p>\u201cEn Finlandia, viv\u00ed cambios de temperatura hasta de 34\u00ba C bajo cero,\u00a0 es impresionante el silencio, no escuch\u00e9 el ladrido de\u00a0 los perros. Un pa\u00eds organizado. Los carros y taxis funcionan en un solo carril. El sistema de parqueo es controlado por dos mujeres vestidas de rojo, que dan testimonio sobre las infracciones\u201d.<\/p>\n<p>En dos oportunidades viaj\u00f3 desde Bergen hasta Cabo Norte (Noruega), contemplando los fiordos. \u201cFue una experiencia extraordinaria, ver las monta\u00f1as que nacen bajo el nivel del mar\u201d.<\/p>\n<p>Uno de los momentos m\u00e1s dif\u00edciles\u00a0 fue la p\u00e9rdida de su compa\u00f1era sentimental en 1996. Despu\u00e9s de muchos ex\u00e1menes m\u00e9dicos, los doctores dijeron que morir\u00eda en 48 horas debido a una obstrucci\u00f3n de las arterias mesent\u00e9ricas, que hab\u00edan producido un envenenamiento. Mis tres hijos m\u00e9dicos no pod\u00edan hacer nada. \u201cEs un momento de impotencia, saber que alguien se va a morir y no poder hacer nada. Es dif\u00edcil, sin embargo se deben afrontar y asimilar \u00a0esos momentos\u201d.<\/p>\n<p>Hace parte del grupo de Los Cien. Un grupo de profesionales, divididos en seis comisiones, que analizan la situaci\u00f3n de la frontera y\u00a0 \u00a0de los est\u00edmulos necesarios para impulsar el desarrollo industrial en la regi\u00f3n. Ahora es presidente de la Corporaci\u00f3n Acci\u00f3n Nortesantandereana y Fronteriza (Canyfron).<\/p>\n<p>\u201cLos problemas en la frontera no son econ\u00f3micos sino humanos. No hay trabajo en equipo, no hay asociaci\u00f3n. Hay facilismo e inmediatismo. \u00a0Lo que necesitamos es organizarnos, unirnos no solo a nivel nacional sino binacional\u201d.<\/p>\n<p><strong>JULIETH CANO<\/strong><\/p>\n<p><a href=\"mailto:jullieth_1205@hotmail.com\">jullieth_1205@hotmail.com<\/a> <\/p>\n","protected":false},"excerpt":{"rendered":"<p>Jos\u00e9 Neira Rey es el hombre orquesta. Es abogado egresado de la Universidad Libre, estudi\u00f3 \u00a0econom\u00eda,\u00a0 su pasi\u00f3n es la \u00a0filosof\u00eda, ha incursionado en la radio \u00a0y el pasatiempo preferido el estudio de fen\u00f3menos paranormales. Es sincero. Le molesta la mentira, el enga\u00f1o, el zafarrancho\u00a0 y el despotismo. Lo hace feliz la tranquilidad y escuchar &hellip;<\/p>\n","protected":false},"author":1,"featured_media":11566,"comment_status":"open","ping_status":"open","sticky":false,"template":"","format":"standard","meta":{"footnotes":""},"categories":[17,4],"tags":[303],"class_list":["post-11564","post","type-post","status-publish","format-standard","has-post-thumbnail","hentry","category-conversaciones-a-contraluz","category-barra","tag-jose-neira-rey"],"_links":{"self":[{"href":"https:\/\/contraluzcucuta.co\/index.php?rest_route=\/wp\/v2\/posts\/11564","targetHints":{"allow":["GET"]}}],"collection":[{"href":"https:\/\/contraluzcucuta.co\/index.php?rest_route=\/wp\/v2\/posts"}],"about":[{"href":"https:\/\/contraluzcucuta.co\/index.php?rest_route=\/wp\/v2\/types\/post"}],"author":[{"embeddable":true,"href":"https:\/\/contraluzcucuta.co\/index.php?rest_route=\/wp\/v2\/users\/1"}],"replies":[{"embeddable":true,"href":"https:\/\/contraluzcucuta.co\/index.php?rest_route=%2Fwp%2Fv2%2Fcomments&post=11564"}],"version-history":[{"count":0,"href":"https:\/\/contraluzcucuta.co\/index.php?rest_route=\/wp\/v2\/posts\/11564\/revisions"}],"wp:attachment":[{"href":"https:\/\/contraluzcucuta.co\/index.php?rest_route=%2Fwp%2Fv2%2Fmedia&parent=11564"}],"wp:term":[{"taxonomy":"category","embeddable":true,"href":"https:\/\/contraluzcucuta.co\/index.php?rest_route=%2Fwp%2Fv2%2Fcategories&post=11564"},{"taxonomy":"post_tag","embeddable":true,"href":"https:\/\/contraluzcucuta.co\/index.php?rest_route=%2Fwp%2Fv2%2Ftags&post=11564"}],"curies":[{"name":"wp","href":"https:\/\/api.w.org\/{rel}","templated":true}]}}