{"id":11554,"date":"2012-04-20T16:15:45","date_gmt":"2012-04-20T21:15:45","guid":{"rendered":"http:\/\/contraluz.co\/?p=11554"},"modified":"2012-04-20T16:15:45","modified_gmt":"2012-04-20T21:15:45","slug":"policia-aplico-la-operacion-tenaza-contra-los-urabenos","status":"publish","type":"post","link":"https:\/\/contraluzcucuta.co\/?p=11554","title":{"rendered":"Polic\u00eda aplic\u00f3 la \u2018Operaci\u00f3n Tenaza\u2019 contra \u2018Los Urabe\u00f1os\u2019"},"content":{"rendered":"<p><strong>C\u00daCUTA.-<\/strong> Doce integrantes de la banda \u2018Los Urabe\u00f1os\u2019 fueron capturados en la zona rural de C\u00facuta. En cumplimiento de la \u2018Operaci\u00f3n Tenaza\u2019 los agentes se incautaron de abundante material de guerra y de intendencia.<\/p>\n<p>Las labores investigativas estuvieron apoyadas con equipos de alta tecnolog\u00eda para el monitoreo del espacio electromagn\u00e9tico y el manejo de informaci\u00f3n dada por la comunidad por medio de la campa\u00f1a \u2018Denunciar, Vale\u2019.<\/p>\n<p>La ofensiva, en la que hicieron parte unidades de vigilancia y grupos especializados, se llev\u00f3 a cabo en la vereda Los Reyes, del corregimiento Buena Esperanza.<\/p>\n<p>Las investigaciones comenzaron luego del despliegue de la \u2018Operaci\u00f3n Abril I\u2019, en C\u00facuta y Puerto Santander. En esa ocasi\u00f3n fueron capturados nueve integrantes de \u2018Los Urabe\u00f1os\u2019 y \u2018Los Rastrojos\u2019, y los uniformados decomisaron munici\u00f3n, armamento corto, elementos de intendencia, v\u00edveres y documentaci\u00f3n. Se inmovilizaron una camioneta Toyota Prado blindada y tres motocicletas, explic\u00f3 el coronel \u00c1lvaro Pico Malaver, comandante de la Polic\u00eda Metropolitana.<\/p>\n<p>En otras actividades, los polic\u00edas encontraron 1000 cartuchos para fusil calibre 7.62 mil\u00edmetros de diferentes marcas camuflados en el ba\u00fal de un taxi que se movilizaba entre C\u00facuta y El Zulia, y que tendr\u00edan como destino las bandas criminales.<\/p>\n<p>Los dos procedimientos dieron base para el \u00faltimo operativo. La Polic\u00eda dise\u00f1\u00f3 una operaci\u00f3n envolvente y de asalto al campamento, donde estaban los 11 sujetos y una mujer. Los uniformados fueron recibidos con disparos, hecho que desencaden\u00f3 un enfrentamiento.<\/p>\n<p>Los delincuentes fueron neutralizados ante el contundente cerco policial desplegado que impidi\u00f3 la fuga por el r\u00edo Zulia.<\/p>\n<p>Entre el armamento incautado hay 9 fusiles, una miniuzi, una pistola, 8 rev\u00f3lveres, 17 cargadores para fusil, 1200 cartuchos para fusil calibre 5.56 mil\u00edmetros, 100 cartuchos para fusil calibre 7.62 mil\u00edmetros, 20 cartuchos para pistola calibre 9 mil\u00edmetros y 20 cartuchos para rev\u00f3lver calibre 38 largo, 15 uniformes de uso privativo de la Fuerza P\u00fablica, 15 morrales, 12 hamacas, 8 chalecos arn\u00e9s, 5 carpas verdes, 9 franelas y 8 pares de botas pantaneras.<\/p>\n<p>Un computador port\u00e1til hallado en el lugar ser\u00e1 sometido a estudios t\u00e9cnicos que permitan extraer la informaci\u00f3n.<\/p>\n<p>Los capturados son:<\/p>\n<p><strong>1.-<\/strong> John Neir Camarilllo Arrieta, de 34 a\u00f1os, alias \u2018El Enano\u2019, natural de Valledupar (Cesar). Tiene dos \u00f3rdenes de captura por concierto para delinquir. Integr\u00f3 un grupo de las extintas autodefensas del Cesar<\/p>\n<p><strong>2.-<\/strong> Jhon Freddy Carre\u00f1o Su\u00e1rez, alias \u2018Camilo\u2019, 23 a\u00f1os, natural de Bucaramanga<\/p>\n<p><strong>3.-<\/strong> Karen Liseth Pab\u00f3n Contreras, de 20 a\u00f1os, alias \u2018La Mona\u2019, natural de C\u00facuta<\/p>\n<p><strong>4.- <\/strong>Juan David Lopera G\u00f3mez, alias \u2018Paisa\u2019, de 21 a\u00f1os, natural de Medell\u00edn.<\/p>\n<p><strong>5.<\/strong>&#8211; Pedro Jes\u00fas Bayona Carrillo, alias \u2018El Gordo\u2019, de 24 a\u00f1os, natural de \u00c1brego.<\/p>\n<p><strong>6.-<\/strong> Ricardo Uribe G\u00f3mez, alias \u2018El Mico\u2019, de 35 a\u00f1os, natural de Pie de Cuesta (Santander)<\/p>\n<p><strong>7.-<\/strong> Francisco Javier C\u00e9spedes Plazas, alias \u2018Micolta\u2019, de 36 a\u00f1os, natural de C\u00facuta<\/p>\n<p><strong>8.-<\/strong> Jean Michael Bola\u00f1o Ram\u00edrez, de 21 a\u00f1os, natural de Barrancabermeja (Santander)<\/p>\n<p><strong>9.-<\/strong> Daniel Rodr\u00edguez Aguilar, de 26 a\u00f1os, natural de El Zulia<\/p>\n<p><strong>10.-<\/strong> Juan David Posada Figueroa, alias \u2018El Oso\u2019, de 21 a\u00f1os, natural de Monter\u00eda (C\u00f3rdoba)<\/p>\n<p><strong>11.-<\/strong> Jos\u00e9 Antonio Berr\u00edo Hern\u00e1ndez, alias \u2018El Negro\u2019, de 26 a\u00f1os, natural de Terraza (Antioquia)<\/p>\n<p><strong>12.-<\/strong> Miguel Bayona Jaimes, de 34 a\u00f1os, natural de San Alberto (Cesar).<\/p>\n<p>Los capturados, los elementos incautados y los automotores inmovilizados quedaron a disposici\u00f3n de la Fiscal\u00eda Especializada contra las Bandas Criminales que con este caso comienza a trabajar en C\u00facuta.<\/p>\n<p>&nbsp; <\/p>\n","protected":false},"excerpt":{"rendered":"<p>C\u00daCUTA.- Doce integrantes de la banda \u2018Los Urabe\u00f1os\u2019 fueron capturados en la zona rural de C\u00facuta. En cumplimiento de la \u2018Operaci\u00f3n Tenaza\u2019 los agentes se incautaron de abundante material de guerra y de intendencia. Las labores investigativas estuvieron apoyadas con equipos de alta tecnolog\u00eda para el monitoreo del espacio electromagn\u00e9tico y el manejo de informaci\u00f3n &hellip;<\/p>\n","protected":false},"author":1,"featured_media":11556,"comment_status":"open","ping_status":"open","sticky":false,"template":"","format":"standard","meta":{"footnotes":""},"categories":[11,4],"tags":[207,323],"class_list":["post-11554","post","type-post","status-publish","format-standard","has-post-thumbnail","hentry","category-cronica-roja","category-barra","tag-los-urabenos","tag-mecuc"],"_links":{"self":[{"href":"https:\/\/contraluzcucuta.co\/index.php?rest_route=\/wp\/v2\/posts\/11554","targetHints":{"allow":["GET"]}}],"collection":[{"href":"https:\/\/contraluzcucuta.co\/index.php?rest_route=\/wp\/v2\/posts"}],"about":[{"href":"https:\/\/contraluzcucuta.co\/index.php?rest_route=\/wp\/v2\/types\/post"}],"author":[{"embeddable":true,"href":"https:\/\/contraluzcucuta.co\/index.php?rest_route=\/wp\/v2\/users\/1"}],"replies":[{"embeddable":true,"href":"https:\/\/contraluzcucuta.co\/index.php?rest_route=%2Fwp%2Fv2%2Fcomments&post=11554"}],"version-history":[{"count":0,"href":"https:\/\/contraluzcucuta.co\/index.php?rest_route=\/wp\/v2\/posts\/11554\/revisions"}],"wp:attachment":[{"href":"https:\/\/contraluzcucuta.co\/index.php?rest_route=%2Fwp%2Fv2%2Fmedia&parent=11554"}],"wp:term":[{"taxonomy":"category","embeddable":true,"href":"https:\/\/contraluzcucuta.co\/index.php?rest_route=%2Fwp%2Fv2%2Fcategories&post=11554"},{"taxonomy":"post_tag","embeddable":true,"href":"https:\/\/contraluzcucuta.co\/index.php?rest_route=%2Fwp%2Fv2%2Ftags&post=11554"}],"curies":[{"name":"wp","href":"https:\/\/api.w.org\/{rel}","templated":true}]}}