{"id":11549,"date":"2012-04-19T23:15:02","date_gmt":"2012-04-20T04:15:02","guid":{"rendered":"http:\/\/contraluz.co\/?p=11549"},"modified":"2012-04-19T23:15:02","modified_gmt":"2012-04-20T04:15:02","slug":"operaciones-militares-disminuyen-poder-guerrillero-en-el-catatumbo","status":"publish","type":"post","link":"https:\/\/contraluzcucuta.co\/?p=11549","title":{"rendered":"Operaciones militares disminuyen poder guerrillero en El Catatumbo"},"content":{"rendered":"<p><strong>C\u00daCUTA.- <\/strong>\u00a0En el primer trimestre del 2012, la Fuerza de Tarea `Vulcano\u00b4, del Ej\u00e9rcito, captur\u00f3 a 60 miembros del Eln, Farc y Epl. En el grupo destaca el segundo cabecilla de la comisi\u00f3n de seguridad del terrorista Jos\u00e9 Epimenio Molina, alias `Danilo Garc\u00eda\u00b4, cabecilla de la `Columna M\u00f3vil Arturo Ru\u00edz\u00b4.\u00a0<\/p>\n<p>En otros resultados, 11 guerrilleros se han entregado voluntariamente y\u00a0 uno de las Farc y otro del ELN,\u00a0 perdieron la vida en el desarrollo de operaciones militares.<\/p>\n<p>Las tropas han destruido 96 artefactos explosivos\u00a0 improvisados y de alto poder destructivo. Captura a alias `Cristian\u00b4, principal explosivista de la compa\u00f1\u00eda `Resistencia Catatumbo\u00b4, de las Farc, encargado de preparar las trampas mortales con pentolita, metralla, tornillos, grapas, metal molido, puntillas y\u00a0 brea.<\/p>\n<p>Las acciones militares permitieron incautar 60 toneladas de insumos para la fabricaci\u00f3n de explosivos. Las operaciones contra el narcotr\u00e1fico en la jurisdicci\u00f3n han permitido la incautaci\u00f3n de 35.000 galones de insumos l\u00edquidos y 30 toneladas de insumos s\u00f3lidos para el procesamiento de alcaloides<\/p>\n<p>Se han destruido 14 laboratorios, cuatro cristalizaderos y se han erradicado m\u00e1s de 45 hect\u00e1reas plantadas con hoja de coca.<\/p>\n<p>El trabajo ha afectado contundentemente la estructura armada y log\u00edstica de los grupos ilegales en esta regi\u00f3n del pa\u00eds, y son producto del esfuerzo conjunto, coordinado e interagencial adelantados en el marco de la campa\u00f1a `Espada de Honor\u00b4.<\/p>\n<p>Como resultado de la ofensiva, cuatro guerrilleros de la columna M\u00f3vil `Arturo Ruiz\u00b4, de las Farc, murieron en combates en la vereda Costa Rica (Teorama). Las tropas se incautaron de seis fusiles, una pistola, seis equipos de campa\u00f1a, adem\u00e1s de explosivos y material de intendencia.<\/p>\n<p>&nbsp; <\/p>\n","protected":false},"excerpt":{"rendered":"<p>C\u00daCUTA.- \u00a0En el primer trimestre del 2012, la Fuerza de Tarea `Vulcano\u00b4, del Ej\u00e9rcito, captur\u00f3 a 60 miembros del Eln, Farc y Epl. En el grupo destaca el segundo cabecilla de la comisi\u00f3n de seguridad del terrorista Jos\u00e9 Epimenio Molina, alias `Danilo Garc\u00eda\u00b4, cabecilla de la `Columna M\u00f3vil Arturo Ru\u00edz\u00b4.\u00a0 En otros resultados, 11 guerrilleros &hellip;<\/p>\n","protected":false},"author":1,"featured_media":11550,"comment_status":"open","ping_status":"open","sticky":false,"template":"","format":"standard","meta":{"footnotes":""},"categories":[11,4],"tags":[],"class_list":["post-11549","post","type-post","status-publish","format-standard","has-post-thumbnail","hentry","category-cronica-roja","category-barra"],"_links":{"self":[{"href":"https:\/\/contraluzcucuta.co\/index.php?rest_route=\/wp\/v2\/posts\/11549","targetHints":{"allow":["GET"]}}],"collection":[{"href":"https:\/\/contraluzcucuta.co\/index.php?rest_route=\/wp\/v2\/posts"}],"about":[{"href":"https:\/\/contraluzcucuta.co\/index.php?rest_route=\/wp\/v2\/types\/post"}],"author":[{"embeddable":true,"href":"https:\/\/contraluzcucuta.co\/index.php?rest_route=\/wp\/v2\/users\/1"}],"replies":[{"embeddable":true,"href":"https:\/\/contraluzcucuta.co\/index.php?rest_route=%2Fwp%2Fv2%2Fcomments&post=11549"}],"version-history":[{"count":0,"href":"https:\/\/contraluzcucuta.co\/index.php?rest_route=\/wp\/v2\/posts\/11549\/revisions"}],"wp:attachment":[{"href":"https:\/\/contraluzcucuta.co\/index.php?rest_route=%2Fwp%2Fv2%2Fmedia&parent=11549"}],"wp:term":[{"taxonomy":"category","embeddable":true,"href":"https:\/\/contraluzcucuta.co\/index.php?rest_route=%2Fwp%2Fv2%2Fcategories&post=11549"},{"taxonomy":"post_tag","embeddable":true,"href":"https:\/\/contraluzcucuta.co\/index.php?rest_route=%2Fwp%2Fv2%2Ftags&post=11549"}],"curies":[{"name":"wp","href":"https:\/\/api.w.org\/{rel}","templated":true}]}}