{"id":11534,"date":"2012-04-19T22:28:58","date_gmt":"2012-04-20T03:28:58","guid":{"rendered":"http:\/\/contraluz.co\/?p=11534"},"modified":"2012-04-19T22:28:58","modified_gmt":"2012-04-20T03:28:58","slug":"bomberos-de-cucuta-tendran-un-respiro-economico","status":"publish","type":"post","link":"https:\/\/contraluzcucuta.co\/?p=11534","title":{"rendered":"Bomberos de C\u00facuta tendr\u00e1n un respiro econ\u00f3mico"},"content":{"rendered":"<p><strong>C\u00daCUTA.-<\/strong> La vida comienza a cambiarles a los bomberos de C\u00facuta. En a\u00f1os pasados, las administraciones municipales no les reconoc\u00edan las desudas y no los ten\u00edan en cuenta para desarrollar proyectos a su favor. En esta ocasi\u00f3n, el alcalde Donamaris Ram\u00edrez lleg\u00f3 hasta el cuartel para darles buenas nuevas.<\/p>\n<p><strong>1.-<\/strong> Pronto desembolso de los recursos por sobre tasa bomberil<\/p>\n<p><strong>2.-<\/strong> Creaci\u00f3n de la estampilla probomberos<\/p>\n<p><strong>3.-<\/strong> Inauguraci\u00f3n del gimnasio.<\/p>\n<p>Los elementos t\u00e9cnicos y las m\u00e1quinas son desactualizados. Si ocurre un incendio en una edificaci\u00f3n que supere los dos pisos habr\u00e1 problemas con el carro escalera.<\/p>\n<p>La semana entrante el municipio girar\u00e1 $108 millones que le debe del 2011, por concepto de sobretasa. La instituci\u00f3n necesita m\u00e1s recursos y el gobierno local prepara un proyecto de acuerdo para crear la estampilla pro bomberos. Se cobrar\u00eda para las edificaciones que se construyan en la ciudad superior a dos pisos. El cobro se har\u00eda en el momento de tramitar la licencia de construcci\u00f3n ante las curadur\u00edas urbanas.<\/p>\n<p>Los recursos de este a\u00f1o por sobretasa ascienden a $1260 millones y se entregar\u00e1n cumplidamente. Solo alcanzar\u00e1n para cubrir lo b\u00e1sico del organismo de socorro.<\/p>\n<p>\u201cPara la instituci\u00f3n, es un orgullo que el se\u00f1or Alcalde, se haya puesto el equipo\u201d, dijo el capit\u00e1n Agust\u00edn D\u00edaz Rodr\u00edguez, comandante de la Estaci\u00f3n C\u00facuta. El traje y el equipo de aire cuestan $13 millones.<\/p>\n<p>Las m\u00e1quinas tienen m\u00e1s 45 a\u00f1os de uso, hay 78 bomberos (10 mujeres y 68 hombres), y est\u00e1n a punto de graduarse 12 que integrar\u00e1n de inmediato el equipo.<\/p>\n<p>&nbsp; <\/p>\n","protected":false},"excerpt":{"rendered":"<p>C\u00daCUTA.- La vida comienza a cambiarles a los bomberos de C\u00facuta. En a\u00f1os pasados, las administraciones municipales no les reconoc\u00edan las desudas y no los ten\u00edan en cuenta para desarrollar proyectos a su favor. En esta ocasi\u00f3n, el alcalde Donamaris Ram\u00edrez lleg\u00f3 hasta el cuartel para darles buenas nuevas. 1.- Pronto desembolso de los recursos &hellip;<\/p>\n","protected":false},"author":1,"featured_media":11535,"comment_status":"open","ping_status":"open","sticky":false,"template":"","format":"standard","meta":{"footnotes":""},"categories":[36],"tags":[],"class_list":["post-11534","post","type-post","status-publish","format-standard","has-post-thumbnail","hentry","category-la-voz-del-pueblo"],"_links":{"self":[{"href":"https:\/\/contraluzcucuta.co\/index.php?rest_route=\/wp\/v2\/posts\/11534","targetHints":{"allow":["GET"]}}],"collection":[{"href":"https:\/\/contraluzcucuta.co\/index.php?rest_route=\/wp\/v2\/posts"}],"about":[{"href":"https:\/\/contraluzcucuta.co\/index.php?rest_route=\/wp\/v2\/types\/post"}],"author":[{"embeddable":true,"href":"https:\/\/contraluzcucuta.co\/index.php?rest_route=\/wp\/v2\/users\/1"}],"replies":[{"embeddable":true,"href":"https:\/\/contraluzcucuta.co\/index.php?rest_route=%2Fwp%2Fv2%2Fcomments&post=11534"}],"version-history":[{"count":0,"href":"https:\/\/contraluzcucuta.co\/index.php?rest_route=\/wp\/v2\/posts\/11534\/revisions"}],"wp:attachment":[{"href":"https:\/\/contraluzcucuta.co\/index.php?rest_route=%2Fwp%2Fv2%2Fmedia&parent=11534"}],"wp:term":[{"taxonomy":"category","embeddable":true,"href":"https:\/\/contraluzcucuta.co\/index.php?rest_route=%2Fwp%2Fv2%2Fcategories&post=11534"},{"taxonomy":"post_tag","embeddable":true,"href":"https:\/\/contraluzcucuta.co\/index.php?rest_route=%2Fwp%2Fv2%2Ftags&post=11534"}],"curies":[{"name":"wp","href":"https:\/\/api.w.org\/{rel}","templated":true}]}}