{"id":11515,"date":"2012-04-18T21:02:55","date_gmt":"2012-04-19T02:02:55","guid":{"rendered":"http:\/\/contraluz.co\/?p=11515"},"modified":"2012-04-18T21:02:55","modified_gmt":"2012-04-19T02:02:55","slug":"pico-y-placa-para-taxis-en-cucuta","status":"publish","type":"post","link":"https:\/\/contraluzcucuta.co\/?p=11515","title":{"rendered":"\u2018Pico y placa\u2019 para taxis en C\u00facuta"},"content":{"rendered":"<p><strong>C\u00daCUTA.-<\/strong> Felipe, cada ma\u00f1ana, con precisi\u00f3n cucute\u00f1a, se levanta temprano y se alista para comenzar el nuevo d\u00eda de trabajo. Deja a la familia en casa, se monta al Dacia-95 y empieza a recorrer las calles de la capital de Norte de Santander. No tiene puesto fijo, ni estacionamiento definido. Circula sin rumbo.<\/p>\n<p>Este hombre es uno de los miles de taxistas que hay en C\u00facuta. Tiene matriculado el veh\u00edculo en la empresa Palace y hace tiempo busca el sustento detr\u00e1s del volante. La ganancia es diaria, no tiene prestaciones sociales, no gana primas y debe procurarse el servicio de salud.<\/p>\n<p>Ahora, est\u00e1 preocupado por el anuncio del alcalde Donamaris Ram\u00edrez. Ante la presencia de tanto taxi rodando por las v\u00edas de la ciudad, se decretar\u00e1 la medida de \u2018pico y placa\u2019 para el servicio p\u00fablico individual. Hasta el momento la norma est\u00e1 en estudio y saldr\u00e1 pronto.<\/p>\n<p>&#8211;\u00a0\u00a0\u00a0\u00a0\u00a0\u00a0\u00a0\u00a0 <em>En el gremio hay de todo. Muchos hablan que se hacen $100.000 y $120.000 diarios. Yo me hago $60.000.<\/em><\/p>\n<p>Lo dijo molesto con los que hacen alarde de jugosas ganancias en este oficio. No cree que ganen tanta plata y a cambio hace las cuentas de los gastos que tienen los miembros de este gremio, que se cuentan por miles y est\u00e1n agrupados en 10 empresas legalmente constituidas.<\/p>\n<p>La idea de la administraci\u00f3n municipal es que los conductores de los veh\u00edculos amarillos descansen un d\u00eda por semana, de acuerdo con los n\u00fameros terminales de las placas, para desocupar las calles y avenidas y permitir mejor flujo, especialmente en el centro de la ciudad.<\/p>\n<p>La Secretar\u00eda de Tr\u00e1nsito Municipal es la encargada de elaborar la disposici\u00f3n y junto con la Polic\u00eda ponerla en funcionamiento para despejar las v\u00edas. El anuncio se hizo en la puesta en marcha del programa Paco, con el que se pretende meter en cintura a los propietarios de automotores.<\/p>\n<p>A Felipe no le cuadra el descanso semanal. Los choferes que no tienen servicio de radio pagan a la empresa $40.000 y los que disfrutan del servicio, $80.000 mensuales. La tarjeta de operaci\u00f3n vale $150.000 y a ese gasto se suman el Soat, el seguro obligatorio y la cuota de sostenimiento.<\/p>\n<p>&#8211;\u00a0\u00a0\u00a0\u00a0\u00a0\u00a0\u00a0\u00a0 <em>Y ahora Donamaris nos quiere cobrar $1000 por el estacionamiento en la calle. No hay qui\u00e9n hable por uno.<\/em><\/p>\n<p>Despu\u00e9s de quejarse mostr\u00f3 simpat\u00eda por las asociaciones y el sindicato. Hasta el momento se siente desprotegido y sin una voz que se eleve para protestar por la existencia del trasporte pirata, de los mototaxistas y de los carros venezolanos pintados de amarillo que ofician como taxis en C\u00facuta.<\/p>\n<p>El producido diario, al que hay que sacarle para la gasolina, el lavado del carro y el mantenimiento, no alcanza, porque el trabajo est\u00e1 malo. La cantidad de autom\u00f3viles en ejercicio del mismo oficio es una de las causales de los pocos ingresos.<\/p>\n<p>Otra, es que mientras no haya trabajo la gente prefiere montar en buseta y no pagar la carrera. Y una m\u00e1s, es la falta de imposici\u00f3n del tax\u00edmetro. Ninguna administraci\u00f3n municipal ha podido con la instalaci\u00f3n de ese aparato. Los taxistas se han burlado de las medidas y los usuarios no reclaman el uso.<\/p>\n<p>Mientras en los despachos oficiales se prepara el documento que regular\u00e1 el d\u00eda de descanso para los taxistas, Felipe seguir\u00e1 recorriendo las v\u00edas cucute\u00f1as durante 12 horas diarias para ganar lo suficiente y mantener a la familia.<\/p>\n<p>&#8211;\u00a0\u00a0\u00a0\u00a0\u00a0\u00a0\u00a0\u00a0 <em>No estamos recogiendo plata con rastrillo<\/em> \u2013 dijo y corri\u00f3 a atender a una clienta antes de que el vecino de puesto le gane de mano esa carrera.<\/p>\n<p><strong>RAFAEL ANTONIO PAB\u00d3N<\/strong><\/p>\n<p><a href=\"mailto:rafaelpabon58@hotmail.com\">rafaelpabon58@hotmail.com<\/a> <\/p>\n","protected":false},"excerpt":{"rendered":"<p>C\u00daCUTA.- Felipe, cada ma\u00f1ana, con precisi\u00f3n cucute\u00f1a, se levanta temprano y se alista para comenzar el nuevo d\u00eda de trabajo. Deja a la familia en casa, se monta al Dacia-95 y empieza a recorrer las calles de la capital de Norte de Santander. No tiene puesto fijo, ni estacionamiento definido. Circula sin rumbo. Este hombre &hellip;<\/p>\n","protected":false},"author":1,"featured_media":11517,"comment_status":"open","ping_status":"open","sticky":false,"template":"","format":"standard","meta":{"footnotes":""},"categories":[10,4],"tags":[318,319,320],"class_list":["post-11515","post","type-post","status-publish","format-standard","has-post-thumbnail","hentry","category-cronicas","category-barra","tag-cucuta","tag-pico-y-placa","tag-taxis"],"_links":{"self":[{"href":"https:\/\/contraluzcucuta.co\/index.php?rest_route=\/wp\/v2\/posts\/11515","targetHints":{"allow":["GET"]}}],"collection":[{"href":"https:\/\/contraluzcucuta.co\/index.php?rest_route=\/wp\/v2\/posts"}],"about":[{"href":"https:\/\/contraluzcucuta.co\/index.php?rest_route=\/wp\/v2\/types\/post"}],"author":[{"embeddable":true,"href":"https:\/\/contraluzcucuta.co\/index.php?rest_route=\/wp\/v2\/users\/1"}],"replies":[{"embeddable":true,"href":"https:\/\/contraluzcucuta.co\/index.php?rest_route=%2Fwp%2Fv2%2Fcomments&post=11515"}],"version-history":[{"count":0,"href":"https:\/\/contraluzcucuta.co\/index.php?rest_route=\/wp\/v2\/posts\/11515\/revisions"}],"wp:attachment":[{"href":"https:\/\/contraluzcucuta.co\/index.php?rest_route=%2Fwp%2Fv2%2Fmedia&parent=11515"}],"wp:term":[{"taxonomy":"category","embeddable":true,"href":"https:\/\/contraluzcucuta.co\/index.php?rest_route=%2Fwp%2Fv2%2Fcategories&post=11515"},{"taxonomy":"post_tag","embeddable":true,"href":"https:\/\/contraluzcucuta.co\/index.php?rest_route=%2Fwp%2Fv2%2Ftags&post=11515"}],"curies":[{"name":"wp","href":"https:\/\/api.w.org\/{rel}","templated":true}]}}