{"id":11504,"date":"2012-04-17T22:48:41","date_gmt":"2012-04-18T03:48:41","guid":{"rendered":"http:\/\/contraluz.co\/?p=11504"},"modified":"2012-04-17T22:48:41","modified_gmt":"2012-04-18T03:48:41","slug":"sacudimiento-general-a-dirigentes-de-norte-de-santander","status":"publish","type":"post","link":"https:\/\/contraluzcucuta.co\/?p=11504","title":{"rendered":"Sacudimiento general a dirigentes de Norte de Santander"},"content":{"rendered":"<p><strong>C\u00daCUTA.-<\/strong> Si los nortesantandereanos no intentan soluciones a los problemas que acosan al departamento y si no buscan alternativas factibles para superar la crisis que afecta a la regi\u00f3n, \u00a0continuar\u00e1n siendo espectadores viendo pasar los camiones y las gandolas o a la espera de que suba el bol\u00edvar o baje el peso.<\/p>\n<p>As\u00ed lo prev\u00e9 Jos\u00e9 Neira Rey, presidente de la Corporaci\u00f3n Acci\u00f3n Nortesantandereana y Fronteriza (Canyfron), en el an\u00e1lisis de lo que ocurre en esta zona del pa\u00eds, donde la informalidad y el desempleo promedian indicadores alarmantes y los factores de competitividad y mejoramiento colectivo la alejan del desarrollo y el progreso.<\/p>\n<p>El expresidente de la C\u00e1mara de Comercio de C\u00facuta dijo que con este llamado de atenci\u00f3n se pretende darles a los dirigentes \u201cun sacudimiento general\u201d para propender por la reestructuraci\u00f3n de Norte de Santander y la uni\u00f3n integral, \u201ccon participaci\u00f3n y apoyo en todos los niveles, antes que sea tarde y surjan m\u00e1s quejumbres y lamentos\u201d.<\/p>\n<p>Reconoci\u00f3 que el departamento vive en una etapa de decisivas trasformaciones y que existen basamentos hist\u00f3ricos y de visionarias opciones nacidas en los valles cucute\u00f1os y de proyecci\u00f3n continental para esperar que surjan las acciones y los empe\u00f1os que permitan un mayor y mejor entendimiento para dinamizar esta esquina de la rep\u00fablica.<\/p>\n<p>\u201cEsa \u00a0es la esperanza y el empe\u00f1o que debemos mantener. De lo que hagamos unidos y en equipo, depender\u00e1 nuestro porvenir\u201d, sentenci\u00f3 Neira Rey en un documento de exhortaci\u00f3n a los miembros de Canyfron.<\/p>\n<p>Manifest\u00f3 que no deben proseguir la pasividad y la desconsideraci\u00f3n con la regi\u00f3n sobre una serie de proyectos y programas que enumer\u00f3:<\/p>\n<p><strong>1.-<\/strong> El urgente mejoramiento y modernizaci\u00f3n de las interconexiones viales, f\u00e9rreas y a\u00e9reas<\/p>\n<p><strong>2.- <\/strong>La alternativa en la soluci\u00f3n binacional al problema del agua para los municipios interfronterizos<\/p>\n<p><strong>3.-<\/strong> Corponor y la zona franca industrial y comercial de C\u00facuta.<\/p>\n<p>Dijo que esas iniciativas est\u00e1n postergadas o bajo criterios que no consultan las necesidades que les dieron origen. Otros, sostuvo, han sido\u00a0 adoptados sin consulta con la regi\u00f3n y ante la carencia de una representatividad acorde con lo que significa esta esquina de la rep\u00fablica.<\/p>\n<p>La petici\u00f3n de emergencia social y econ\u00f3mica, solicitada por la Corporaci\u00f3n al gobernador Edgar D\u00edaz, servir\u00e1 para impulsar la uni\u00f3n regional y promover la irrupci\u00f3n de la respuesta institucional y pol\u00edtica nacional y binacional que plantean algunos art\u00edculos de la Constituci\u00f3n Pol\u00edtica de Colombia. <\/p>\n","protected":false},"excerpt":{"rendered":"<p>C\u00daCUTA.- Si los nortesantandereanos no intentan soluciones a los problemas que acosan al departamento y si no buscan alternativas factibles para superar la crisis que afecta a la regi\u00f3n, \u00a0continuar\u00e1n siendo espectadores viendo pasar los camiones y las gandolas o a la espera de que suba el bol\u00edvar o baje el peso. As\u00ed lo prev\u00e9 &hellip;<\/p>\n","protected":false},"author":1,"featured_media":11509,"comment_status":"open","ping_status":"open","sticky":false,"template":"","format":"standard","meta":{"footnotes":""},"categories":[32],"tags":[302,303],"class_list":["post-11504","post","type-post","status-publish","format-standard","has-post-thumbnail","hentry","category-recorrido-por-la-region","tag-canyfron","tag-jose-neira-rey"],"_links":{"self":[{"href":"https:\/\/contraluzcucuta.co\/index.php?rest_route=\/wp\/v2\/posts\/11504","targetHints":{"allow":["GET"]}}],"collection":[{"href":"https:\/\/contraluzcucuta.co\/index.php?rest_route=\/wp\/v2\/posts"}],"about":[{"href":"https:\/\/contraluzcucuta.co\/index.php?rest_route=\/wp\/v2\/types\/post"}],"author":[{"embeddable":true,"href":"https:\/\/contraluzcucuta.co\/index.php?rest_route=\/wp\/v2\/users\/1"}],"replies":[{"embeddable":true,"href":"https:\/\/contraluzcucuta.co\/index.php?rest_route=%2Fwp%2Fv2%2Fcomments&post=11504"}],"version-history":[{"count":0,"href":"https:\/\/contraluzcucuta.co\/index.php?rest_route=\/wp\/v2\/posts\/11504\/revisions"}],"wp:attachment":[{"href":"https:\/\/contraluzcucuta.co\/index.php?rest_route=%2Fwp%2Fv2%2Fmedia&parent=11504"}],"wp:term":[{"taxonomy":"category","embeddable":true,"href":"https:\/\/contraluzcucuta.co\/index.php?rest_route=%2Fwp%2Fv2%2Fcategories&post=11504"},{"taxonomy":"post_tag","embeddable":true,"href":"https:\/\/contraluzcucuta.co\/index.php?rest_route=%2Fwp%2Fv2%2Ftags&post=11504"}],"curies":[{"name":"wp","href":"https:\/\/api.w.org\/{rel}","templated":true}]}}