{"id":11492,"date":"2012-04-17T22:16:36","date_gmt":"2012-04-18T03:16:36","guid":{"rendered":"http:\/\/contraluz.co\/?p=11492"},"modified":"2012-04-17T22:16:36","modified_gmt":"2012-04-18T03:16:36","slug":"en-cucuta-galeria-memoria-de-montes-de-maria-catatumbo-y-putumayo","status":"publish","type":"post","link":"https:\/\/contraluzcucuta.co\/?p=11492","title":{"rendered":"En C\u00facuta, galer\u00eda \u2018Memoria de Montes de Mar\u00eda, Catatumbo y Putumayo\u2019"},"content":{"rendered":"<p><strong>C\u00daCUTA.-<\/strong>La Galer\u00eda dela Memoria de Montes de Mar\u00eda, Catatumbo y Putumayo se inaugura este mi\u00e9rcoles, a las 6:30 de la tarde, enla Biblioteca Julio P\u00e9rez Ferrero, en la sala de exposiciones Aguas Kapital. El jueves, \u00a0de 2:30 a 5:30 de la tarde, se efectuar\u00e1 el foro Memoria hist\u00f3rica de las v\u00edctimas de El Catatumbo.<\/p>\n<p>La Galer\u00eda es un lugar de representaci\u00f3n y exposici\u00f3n de las voces, los rostros y los sentimientos de vida de la gente de esos territorios avasallados por la guerra y el dolor.<\/p>\n<p>Los artistas recorrieron, durante un a\u00f1o, la memoria para identificar el dolor y el trasegar las rutas de la muerte, la vida y la cultura de pueblos, comunidades y organizaciones de las dos regiones de Colombia.\u00a0 Ahora, presentan la muestra gr\u00e1fica y art\u00edstica, fruto de la reconstrucci\u00f3n colectiva. Pr\u00f3ximamente, visitar\u00e1\u00a0 otras ciudades.<\/p>\n<p>Jos\u00e9 Y\u00e9pez, representante de la asociaci\u00f3n Minga, dijo que la exposici\u00f3n es un recorrido pedag\u00f3gico y art\u00edstico en memoria y homenaje de las v\u00edctimas del conflicto armado\u00a0 en El Catatumbo y los Montes Mar\u00eda. Representa \u00a0la esperanza\u00a0 y las ilusiones de las personas golpeadas por la guerra que, a pesar del dolor, desean reconstruir el tejido social y la vida.<\/p>\n<p>El foro ser\u00e1 un espacio para conversar sobre los derechos humanos y el conflicto en la regi\u00f3n; escuchar opiniones y atender\u00a0 a la sociedad civil que vive en un entorno de violencia.<\/p>\n<p>La exposici\u00f3n se lleva a cabo con la producci\u00f3n\u00a0 de la Asociaci\u00f3n Minga, la Fundaci\u00f3n Manuel Cepeda Vargas y Agenda Caribe. Tiene el auspicio de Lutheran World Relief y el apoyo de United States Institute of Peace, Universidad del Rosario, Universidad de Cartagena, Embajada de Espa\u00f1a en Colombia y Biblioteca Julio P\u00e9rez Ferrero.<\/p>\n<p>Los cucute\u00f1os podr\u00e1n apreciar la exposici\u00f3n y conocer la obra en\u00a0 homenaje a las v\u00edctimas del conflicto en la regi\u00f3n. Los colegios que deseen llevar a los estudiantes a conocer la muestra deber\u00e1n hacer la solicitud.<\/p>\n<p>&nbsp; <\/p>\n","protected":false},"excerpt":{"rendered":"<p>C\u00daCUTA.-La Galer\u00eda dela Memoria de Montes de Mar\u00eda, Catatumbo y Putumayo se inaugura este mi\u00e9rcoles, a las 6:30 de la tarde, enla Biblioteca Julio P\u00e9rez Ferrero, en la sala de exposiciones Aguas Kapital. El jueves, \u00a0de 2:30 a 5:30 de la tarde, se efectuar\u00e1 el foro Memoria hist\u00f3rica de las v\u00edctimas de El Catatumbo. La &hellip;<\/p>\n","protected":false},"author":1,"featured_media":11493,"comment_status":"open","ping_status":"open","sticky":false,"template":"","format":"standard","meta":{"footnotes":""},"categories":[4,37],"tags":[],"class_list":["post-11492","post","type-post","status-publish","format-standard","has-post-thumbnail","hentry","category-barra","category-paseo-cultural"],"_links":{"self":[{"href":"https:\/\/contraluzcucuta.co\/index.php?rest_route=\/wp\/v2\/posts\/11492","targetHints":{"allow":["GET"]}}],"collection":[{"href":"https:\/\/contraluzcucuta.co\/index.php?rest_route=\/wp\/v2\/posts"}],"about":[{"href":"https:\/\/contraluzcucuta.co\/index.php?rest_route=\/wp\/v2\/types\/post"}],"author":[{"embeddable":true,"href":"https:\/\/contraluzcucuta.co\/index.php?rest_route=\/wp\/v2\/users\/1"}],"replies":[{"embeddable":true,"href":"https:\/\/contraluzcucuta.co\/index.php?rest_route=%2Fwp%2Fv2%2Fcomments&post=11492"}],"version-history":[{"count":0,"href":"https:\/\/contraluzcucuta.co\/index.php?rest_route=\/wp\/v2\/posts\/11492\/revisions"}],"wp:attachment":[{"href":"https:\/\/contraluzcucuta.co\/index.php?rest_route=%2Fwp%2Fv2%2Fmedia&parent=11492"}],"wp:term":[{"taxonomy":"category","embeddable":true,"href":"https:\/\/contraluzcucuta.co\/index.php?rest_route=%2Fwp%2Fv2%2Fcategories&post=11492"},{"taxonomy":"post_tag","embeddable":true,"href":"https:\/\/contraluzcucuta.co\/index.php?rest_route=%2Fwp%2Fv2%2Ftags&post=11492"}],"curies":[{"name":"wp","href":"https:\/\/api.w.org\/{rel}","templated":true}]}}