{"id":11355,"date":"2012-04-12T21:35:54","date_gmt":"2012-04-13T02:35:54","guid":{"rendered":"http:\/\/contraluz.co\/?p=11355"},"modified":"2012-04-12T21:35:54","modified_gmt":"2012-04-13T02:35:54","slug":"norte-de-santander-requiere-un-sacudon-que-lo-saque-de-la-patria-boba","status":"publish","type":"post","link":"https:\/\/contraluzcucuta.co\/?p=11355","title":{"rendered":"Norte de Santander requiere un sacud\u00f3n  que lo saque de la \u2018patria boba\u2019"},"content":{"rendered":"<p><strong>C\u00daCUTA.-<\/strong> El gobernador Edgar D\u00edaz complet\u00f3, esta semana, los primeros 100 d\u00edas de gesti\u00f3n. La opini\u00f3n generalizada es que el periodo resulta corto para analizar las ejecutorias y evaluar el rumbo de lo adelantado. En esta ocasi\u00f3n el ingeniero de petr\u00f3leos Segundo Antonio Gonz\u00e1lez le mide la temperatura a la administraci\u00f3n departamental.<\/p>\n<p><strong>\u00bfC\u00f3mo ve al departamento en este momento?<\/strong><\/p>\n<p>Norte de Santander no est\u00e1 bien. Debemos trabajar m\u00e1s y mejor para resolver la problem\u00e1tica social y econ\u00f3mica que tenemos. Veo al Gobernador (Edgar D\u00edaz) en buena actitud de trabajo.<\/p>\n<p><strong>\u00bfQu\u00e9 le ha faltado al Gobernador por hacer?<\/strong><\/p>\n<p>Haber\u00a0 presentado un gran plan de recuperaci\u00f3n y desarrollo econ\u00f3mico y social para el departamento. Lo necesitamos.<\/p>\n<p><strong>\u00bfQu\u00e9 hay para destacar y resaltar del Gobernador?<\/strong><\/p>\n<p>Est\u00e1 a\u00fan organizando la agenda. Tiene liderazgo popular, pero falta ver c\u00f3mo marcar\u00e1 el rumbo del departamento una vez conozcamos el Plan de Desarrollo\u00a0 y el reporte de los primeros 100 d\u00edas. Debe hacer una convocatoria a los gremios y a los parlamentarios nortesantandereanos para coordinar acciones inmediatas que ataquen efectivamente la problem\u00e1tica que tenemos.<\/p>\n<p><strong>\u00bfQu\u00e9 hubiera hecho en este periodo que no ha hecho Edgar D\u00edaz?<\/strong><\/p>\n<p>No es el tema. Mi opini\u00f3n es que el departamento viene mal de tiempo atr\u00e1s y eso es un gran reto de trabajo para un nuevo gobierno. Repito, es necesario impulsar un gran Plan de Desarrollo Econ\u00f3mico y Social como pol\u00edtica de largo plazo.<\/p>\n<p><strong>\u00bfEst\u00e1 bien rodeado de funcionarios el Gobernador?<\/strong><\/p>\n<p>Si lo creo. Si se estructura y articula bien el trabajo en equipo, seguro\u00a0 este gabinete que ha nombrado es garant\u00eda de avance. Es cuesti\u00f3n de organizarse y dirigirse bien desde el liderazgo del Gobernador. Sugerir\u00eda, adem\u00e1s, que tuviera a tres consejeros activos y\u00a0 de alto nivel en infraestructura; planeaci\u00f3n y desarrollo econ\u00f3mico, y educaci\u00f3n y medio ambiente.<\/p>\n<p><strong>Como vamos \u00bfva bien el departamento?<\/strong><\/p>\n<p>No ha habido nada nuevo ni cambio\u00a0 de rumbo. El departamento requiere un gran prop\u00f3sito de desarrollo de largo plazo. Digamos que continuamos haciendo las cosas sin novedad y afectados por los temas econ\u00f3mico y social. Se requiere un sacud\u00f3n \u00a0que nos saque de esta patria boba que nos afecta por d\u00e9cadas.<\/p>\n<p>&nbsp;<\/p>\n<p><strong>\u00bfDe qu\u00e9 manera podr\u00eda usted colaborar en la gesti\u00f3n del gobernador D\u00edaz?<\/strong><\/p>\n<p>Como cualquier ciudadano de bien y comprometido con mi tierra, podr\u00eda ayudarle si quisiera utilizar mis servicios. Estoy a sus \u00f3rdenes y tiene mi respaldo.<\/p>\n<p>\u00bfCu\u00e1les son los cinco principales problemas que debe atacar el Gobernador?<\/p>\n<p>Hay mucho por hacer y todo tiene prioridades. Hay que trabajar en:<\/p>\n<p><strong>1.- V\u00edas.<\/strong> Hacer un mantenimiento sostenido en las v\u00edas departamentales, para tener conectados los municipios con C\u00facuta. Esto vitaliza la econom\u00eda. Tener maquinaria b\u00e1sica, propiedad departamental, para el mantenimiento preventivo.<\/p>\n<p><strong>2.- Salud.<\/strong> Se requiere ejecutar acciones que mejoren el servicio a la comunidad y garant\u00edas de continuidad del servicio, que implica gesti\u00f3n a nivel Nacional.<\/p>\n<p><strong>3.- Empleo. <\/strong>\u00a0Grave problema en el departamento. Consiste en explorar y aplicar soluciones a la informalidad y hacer un gran pacto por el empleo con el sector empresarial, para crear puestos de trabajo formales de manera inmediata. Con la informalidad existen los espacios para la creaci\u00f3n de por lo menos 4000 microempresas en los sectores rural y urbano, en el departamento.<\/p>\n<p><strong>4.- Vivienda.<\/strong> Articular con las pol\u00edticas del Gobierno para la construcci\u00f3n de vivienda de inter\u00e9s social y resolver el asunto de Gramalote, que no da m\u00e1s espera.<\/p>\n<p><strong>5.- Tecnolog\u00eda- innovaci\u00f3n- universidad.<\/strong> El departamento debe tomar en serio la formaci\u00f3n profesional de los ciudadanos.\u00a0 Debe \u00a0ponerle atenci\u00f3n a la participaci\u00f3n activa de la universidad en la soluci\u00f3n de los problemas de nuestro entorno. Esto la fortalece y nos obliga a crear espacios laborales para absorber a los profesionales que egresan. Revisar el tema de las regal\u00edas para dedicar recursos a esta inversi\u00f3n, fundamental en el desarrollo del departamento.<\/p>\n<p><strong>\u00bfLe parece que el Gobierno trabaja de la mano con el Gobernador?<\/strong><\/p>\n<p>Nos preocupar\u00eda si no es as\u00ed.\u00a0 Es deber de las Instituciones trabajar de manera articulada e incluyente. Lo que se requiere es tener coordinaci\u00f3n del gobierno departamental con el nacional y con el Congreso de La Rep\u00fablica, en donde tenemos una representaci\u00f3n numerosa y fundamental para el \u00e9xito de la administraci\u00f3n departamental, a la que se debe apoyar decididamente.<\/p>\n<p><strong>\u00bfC\u00f3mo podr\u00eda vincularse la clase parlamentaria con el desarrollo del departamento?<\/strong><\/p>\n<p>No debemos tener dudas de que los parlamentarios no est\u00e9n\u00a0 comprometidos con el departamento. Debemos establecer una agenda en la que el gobierno departamental y los parlamentarios trabajen de la mano y est\u00e9n unidos en la gesti\u00f3n que se debe adelantar en lo nacional, y en lo local apoyar la ejecuci\u00f3n del Gobernador.<\/p>\n<p><strong>RAFAEL ANTONIO PAB\u00d3N<\/strong><\/p>\n<p><a href=\"mailto:rafaelpabon58@hotmail.com\">rafaelpabon58@hotmail.com<\/a><\/p>\n<p>&nbsp; <\/p>\n","protected":false},"excerpt":{"rendered":"<p>C\u00daCUTA.- El gobernador Edgar D\u00edaz complet\u00f3, esta semana, los primeros 100 d\u00edas de gesti\u00f3n. La opini\u00f3n generalizada es que el periodo resulta corto para analizar las ejecutorias y evaluar el rumbo de lo adelantado. En esta ocasi\u00f3n el ingeniero de petr\u00f3leos Segundo Antonio Gonz\u00e1lez le mide la temperatura a la administraci\u00f3n departamental. \u00bfC\u00f3mo ve al &hellip;<\/p>\n","protected":false},"author":1,"featured_media":11359,"comment_status":"open","ping_status":"open","sticky":false,"template":"","format":"standard","meta":{"footnotes":""},"categories":[4,9],"tags":[310,243,247],"class_list":["post-11355","post","type-post","status-publish","format-standard","has-post-thumbnail","hentry","category-barra","category-politica","tag-100-dias-de-gobierno","tag-gobernador-edgar-diaz","tag-segundo-antonio-gonzalez"],"_links":{"self":[{"href":"https:\/\/contraluzcucuta.co\/index.php?rest_route=\/wp\/v2\/posts\/11355","targetHints":{"allow":["GET"]}}],"collection":[{"href":"https:\/\/contraluzcucuta.co\/index.php?rest_route=\/wp\/v2\/posts"}],"about":[{"href":"https:\/\/contraluzcucuta.co\/index.php?rest_route=\/wp\/v2\/types\/post"}],"author":[{"embeddable":true,"href":"https:\/\/contraluzcucuta.co\/index.php?rest_route=\/wp\/v2\/users\/1"}],"replies":[{"embeddable":true,"href":"https:\/\/contraluzcucuta.co\/index.php?rest_route=%2Fwp%2Fv2%2Fcomments&post=11355"}],"version-history":[{"count":0,"href":"https:\/\/contraluzcucuta.co\/index.php?rest_route=\/wp\/v2\/posts\/11355\/revisions"}],"wp:attachment":[{"href":"https:\/\/contraluzcucuta.co\/index.php?rest_route=%2Fwp%2Fv2%2Fmedia&parent=11355"}],"wp:term":[{"taxonomy":"category","embeddable":true,"href":"https:\/\/contraluzcucuta.co\/index.php?rest_route=%2Fwp%2Fv2%2Fcategories&post=11355"},{"taxonomy":"post_tag","embeddable":true,"href":"https:\/\/contraluzcucuta.co\/index.php?rest_route=%2Fwp%2Fv2%2Ftags&post=11355"}],"curies":[{"name":"wp","href":"https:\/\/api.w.org\/{rel}","templated":true}]}}