{"id":11348,"date":"2012-04-12T14:45:02","date_gmt":"2012-04-12T19:45:02","guid":{"rendered":"http:\/\/contraluz.co\/?p=11348"},"modified":"2012-04-12T14:45:02","modified_gmt":"2012-04-12T19:45:02","slug":"estudiantes-ratifican-lucha-por-educacion-con-soberania-y-calidad","status":"publish","type":"post","link":"https:\/\/contraluzcucuta.co\/?p=11348","title":{"rendered":"Estudiantes ratifican lucha por educaci\u00f3n con soberan\u00eda y calidad"},"content":{"rendered":"<p><strong>CARTAGENA.-<\/strong> Un debate p\u00fablico nacional por la reivindicaci\u00f3n de la educaci\u00f3n p\u00fablica de calidad y soberana se har\u00e1 este viernes, en el \u2018Centro Recreacional Comfamiliar\u2019 de Cartagena, una de las sedes de la \u2018V Cumbre de los Pueblos\u2019, que inici\u00f3 deliberaciones este jueves.<\/p>\n<p>Sandra taborda, representante de la Mesa Ampliada de Estudiantes de Colombia (Mane), dijo que la actividad hace parte del movimiento que \u201cdesde el 2011 los estudiantes emprendimos\u201d como \u201cproceso de lucha en contra de la Reforma a la Educaci\u00f3n Superior o Ley 30\u2033.<\/p>\n<p>Al ratificar la vigencia del movimiento, indic\u00f3 que \u201cluchamos por una educaci\u00f3n gratuita, de calidad y al servicio del pueblo\u201d. Los estudiantes participan en la Cumbre por una nueva educaci\u00f3n, para un pa\u00eds con soberan\u00eda, democracia y paz.<\/p>\n<p>\u201cLos estudiantes estamos presentes y de paso los invitamos al segundo debate p\u00fablico nacional que realizar\u00e1 la Mane, ma\u00f1ana, en este mismo espacio\u201d se\u00f1al\u00f3.<\/p>\n<p>Concluy\u00f3 con un sonoro y aclamado \u201churra\u201d, para que \u201c\u00a1Vivan los estudiantes y viva la \u2018V Cumbre de los Pueblos\u2019!\u201d.<\/p>\n<p><strong>Prensa ANTHOC Bol\u00edvar<\/strong> <\/p>\n","protected":false},"excerpt":{"rendered":"<p>CARTAGENA.- Un debate p\u00fablico nacional por la reivindicaci\u00f3n de la educaci\u00f3n p\u00fablica de calidad y soberana se har\u00e1 este viernes, en el \u2018Centro Recreacional Comfamiliar\u2019 de Cartagena, una de las sedes de la \u2018V Cumbre de los Pueblos\u2019, que inici\u00f3 deliberaciones este jueves. Sandra taborda, representante de la Mesa Ampliada de Estudiantes de Colombia (Mane), &hellip;<\/p>\n","protected":false},"author":1,"featured_media":11350,"comment_status":"open","ping_status":"open","sticky":false,"template":"","format":"standard","meta":{"footnotes":""},"categories":[74,4],"tags":[308,309],"class_list":["post-11348","post","type-post","status-publish","format-standard","has-post-thumbnail","hentry","category-aula-universitaria","category-barra","tag-cartagena","tag-cumbre-de-los-pueblos"],"_links":{"self":[{"href":"https:\/\/contraluzcucuta.co\/index.php?rest_route=\/wp\/v2\/posts\/11348","targetHints":{"allow":["GET"]}}],"collection":[{"href":"https:\/\/contraluzcucuta.co\/index.php?rest_route=\/wp\/v2\/posts"}],"about":[{"href":"https:\/\/contraluzcucuta.co\/index.php?rest_route=\/wp\/v2\/types\/post"}],"author":[{"embeddable":true,"href":"https:\/\/contraluzcucuta.co\/index.php?rest_route=\/wp\/v2\/users\/1"}],"replies":[{"embeddable":true,"href":"https:\/\/contraluzcucuta.co\/index.php?rest_route=%2Fwp%2Fv2%2Fcomments&post=11348"}],"version-history":[{"count":0,"href":"https:\/\/contraluzcucuta.co\/index.php?rest_route=\/wp\/v2\/posts\/11348\/revisions"}],"wp:attachment":[{"href":"https:\/\/contraluzcucuta.co\/index.php?rest_route=%2Fwp%2Fv2%2Fmedia&parent=11348"}],"wp:term":[{"taxonomy":"category","embeddable":true,"href":"https:\/\/contraluzcucuta.co\/index.php?rest_route=%2Fwp%2Fv2%2Fcategories&post=11348"},{"taxonomy":"post_tag","embeddable":true,"href":"https:\/\/contraluzcucuta.co\/index.php?rest_route=%2Fwp%2Fv2%2Ftags&post=11348"}],"curies":[{"name":"wp","href":"https:\/\/api.w.org\/{rel}","templated":true}]}}