{"id":11336,"date":"2012-04-11T23:15:42","date_gmt":"2012-04-12T04:15:42","guid":{"rendered":"http:\/\/contraluz.co\/?p=11336"},"modified":"2012-04-11T23:15:42","modified_gmt":"2012-04-12T04:15:42","slug":"incautados-medicamentos-de-contrabando","status":"publish","type":"post","link":"https:\/\/contraluzcucuta.co\/?p=11336","title":{"rendered":"Incautados medicamentos de contrabando"},"content":{"rendered":"<p><strong>ABREGO.-<\/strong> Agentes de la Seccional de Tr\u00e1nsito y Trasporte del Departamento de Polic\u00eda Norte de Santander se incautaron de medicamentos ingresados al pa\u00eds de contrabando y valuados en $8,0 millones.<\/p>\n<p>El procedimiento se cumpli\u00f3 en un puesto de control que los uniformados instalaron en la v\u00eda Pamplona-Bucaramanga. En el lugar detuvieron \u00a0un cami\u00f3n de servicio p\u00fablico y hallaron las medicinas.<\/p>\n<p>Entre lo decomisado hay 1135 ampollas de Voltar\u00e9n, utilizado para disminuir el dolor, la inflamaci\u00f3n y la fiebre. La droga qued\u00f3 a disposici\u00f3n de la Direcci\u00f3n de Impuestos y Aduanas Nacionales (Dian) por no presentar la documentaci\u00f3n que acreditara la legalidad o procedencia.<\/p>\n<p>Este a\u00f1o, la Polic\u00eda ha efectuado 23 incautaciones de medicamentos, valuadas en $115 millones. El trabajo ha correspondido a unidades adscritas al Departamento de Polic\u00eda Norte de Santander.<\/p>\n<p>El Departamento de Polic\u00eda Norte de Santander seguir\u00e1 realizando estas acciones para proteger la salud de los consumidores e invita a la comunidad a seguir suministrando informaciones que permitan poner al descubierto a quienes se dedican a este il\u00edcito.<\/p>\n<p>&nbsp; <\/p>\n","protected":false},"excerpt":{"rendered":"<p>ABREGO.- Agentes de la Seccional de Tr\u00e1nsito y Trasporte del Departamento de Polic\u00eda Norte de Santander se incautaron de medicamentos ingresados al pa\u00eds de contrabando y valuados en $8,0 millones. El procedimiento se cumpli\u00f3 en un puesto de control que los uniformados instalaron en la v\u00eda Pamplona-Bucaramanga. En el lugar detuvieron \u00a0un cami\u00f3n de servicio &hellip;<\/p>\n","protected":false},"author":1,"featured_media":11337,"comment_status":"open","ping_status":"open","sticky":false,"template":"","format":"standard","meta":{"footnotes":""},"categories":[11],"tags":[],"class_list":["post-11336","post","type-post","status-publish","format-standard","has-post-thumbnail","hentry","category-cronica-roja"],"_links":{"self":[{"href":"https:\/\/contraluzcucuta.co\/index.php?rest_route=\/wp\/v2\/posts\/11336","targetHints":{"allow":["GET"]}}],"collection":[{"href":"https:\/\/contraluzcucuta.co\/index.php?rest_route=\/wp\/v2\/posts"}],"about":[{"href":"https:\/\/contraluzcucuta.co\/index.php?rest_route=\/wp\/v2\/types\/post"}],"author":[{"embeddable":true,"href":"https:\/\/contraluzcucuta.co\/index.php?rest_route=\/wp\/v2\/users\/1"}],"replies":[{"embeddable":true,"href":"https:\/\/contraluzcucuta.co\/index.php?rest_route=%2Fwp%2Fv2%2Fcomments&post=11336"}],"version-history":[{"count":0,"href":"https:\/\/contraluzcucuta.co\/index.php?rest_route=\/wp\/v2\/posts\/11336\/revisions"}],"wp:attachment":[{"href":"https:\/\/contraluzcucuta.co\/index.php?rest_route=%2Fwp%2Fv2%2Fmedia&parent=11336"}],"wp:term":[{"taxonomy":"category","embeddable":true,"href":"https:\/\/contraluzcucuta.co\/index.php?rest_route=%2Fwp%2Fv2%2Fcategories&post=11336"},{"taxonomy":"post_tag","embeddable":true,"href":"https:\/\/contraluzcucuta.co\/index.php?rest_route=%2Fwp%2Fv2%2Ftags&post=11336"}],"curies":[{"name":"wp","href":"https:\/\/api.w.org\/{rel}","templated":true}]}}