{"id":11268,"date":"2012-04-10T19:58:04","date_gmt":"2012-04-11T00:58:04","guid":{"rendered":"http:\/\/contraluz.co\/?p=11268"},"modified":"2012-04-10T19:58:04","modified_gmt":"2012-04-11T00:58:04","slug":"al-cucuta-deportivo-hasta-el-perro-de-roque-lo-abandono","status":"publish","type":"post","link":"https:\/\/contraluzcucuta.co\/?p=11268","title":{"rendered":"Al C\u00facuta Deportivo hasta el perro de Roque lo abandon\u00f3"},"content":{"rendered":"<p><strong>C\u00daCUTA.-<\/strong> El C\u00facuta Deportivo no anda bien en ninguno de los torneos del f\u00fatbol profesional colombiano en los que participa. En la primera A no consigue los resultados y a fuerza de perder en casa ocupa la \u00faltima posici\u00f3n de la tabla, el olor a descenso es intenso y la p\u00e9rdida de fe entre la afici\u00f3n se siente con cada jornada.<\/p>\n<p>En la Copa Colombia no va mejor. Es el quinto del grupo, con cuatro puntos. \u00a0Por encima tiene a Boyac\u00e1, Bucaramanga, Alianza Petrolera y Patriotas. Solo le gana a Real Santander.<\/p>\n<p>Lo triste en la vida motilona es que los aficionados le perdieron el respeto al equipo. Los gritos en las tribunas dejaron de ser de respaldo para transformarse en insultos. De los aplausos se pas\u00f3 a los madrazos; del bombo y los platillos, a los pitos y silbidos; del \u2018s\u00ed se puede\u2019, al \u2018cebos, cebos\u2019, y de los gritos de aliento \u2018C\u00facuta, C\u00facuta\u2019, a las groser\u00edas.<\/p>\n<p>Los c\u00e1nticos que se escuchaban en Sur, salidos del ambiente \u2018bacano\u2019 de la Banda del Indio, dieron un giro inesperado y ahora se entonan estrofillas cargadas de palabras soeces. \u2018Jugadores, la p\u2026 de su madre\u2019, es uno de los estribillos que entonan los muchachos mientras saltan y saltan y saltan sin parar.<\/p>\n<p>Los aficionados normales, los que pagan la boleta, los que entran con tiquetes de cortes\u00eda, los que todav\u00eda asisten a Oriental y Occidental, desesperan con cada jugada y dejan salir ese \u2018hachepetazo\u2019 que se escucha mal, pero que los hace sentir bien cuando lo gritan.<\/p>\n<p>Las mujeres, elegantes al vestir, maquilladas para el espect\u00e1culo, vestidas con la camiseta oficial o de civil, aprendieron de los acompa\u00f1antes y de los compa\u00f1eros de barda a ofender y sin recato se desga\u00f1itan contra los jugadores, el \u00e1rbitro, los directivos, los periodistas y los visitantes.<\/p>\n<p>Ir al General Santander se ha convertido en el desfogue de los cucute\u00f1os. Los 90 minutos del partido les sirven para \u00a0botar el veneno acumulado en el trabajo, el estudio, la calle, el trasporte p\u00fablico, el colegio, la universidad y la casa. Al estadio, ahora, se va a arrojar las rabias que los acosan entre semana y que se acumulan por 15 d\u00edas.<\/p>\n<p>Para colmo de males, no venden cerveza para ahogar la pena que ocasiona cada derrota rojinegra. El dulce de la paleta no hace el mismo efecto que el fermento de la cebada, y el sabor de la gaseosa no produce la misma euforia que los grados de alcohol del \u00e1guila.<\/p>\n<p>La p\u00f3lvora desapareci\u00f3. Las luces de bengala, los fuegos pirot\u00e9cnicos, las matasuegras, \u00a0los tumbarranchos y los saltapericos quedaron en el recuerdo. El cielo dej\u00f3 de iluminarse para aparecer gris, como el panorama del once fronterizo.<\/p>\n<p>Y es tan triste el espect\u00e1culo, que hasta las ni\u00f1as porristas perdieron el ritmo y sus instructores cada d\u00eda empeoran las presentaciones. Seguro, muchos asistentes al General preferir\u00edan que no salieran a hacer el rid\u00edculo, como lo est\u00e1n viviendo.<\/p>\n<p>Todo es producto de la mala racha del cuadro motil\u00f3n. Hasta el perro de Roque dej\u00f3 de pasearse por la gramilla para hacer perder unos minutos valiosos para los motilones.<\/p>\n<p>Pero como los humanos son amantes del dolor y la pena, hoy acompa\u00f1ar\u00e1n al C\u00facuta Deportivo en el desvalorizado Cl\u00e1sico del Oriente, a las 3:30 de la tarde por la quinta fecha de la Copa Colombia, porque \u00a0a Bucaramanga s\u00ed hay que ganarle.<\/p>\n<p>El profesor Oscar H\u00e9ctor Quintabani convoc\u00f3 a 16 jugadores.<\/p>\n<p><strong>Arqueros:<\/strong> Williams Buena\u00f1os, Carlos Barahona.<\/p>\n<p><strong>Defensas:<\/strong> Jairo Su\u00e1rez, Edwin Del Castillo, Yesid Mart\u00ednez, Mauricio Duarte.<\/p>\n<p><strong>Volantes:<\/strong> Dayron P\u00e9rez, Henry Palacio, Mauricio Arquez, Sebasti\u00e1n Botero, Carlos Caicedo, Luis Iriarte y Cristi\u00e1n Ar\u00e9valo.<\/p>\n<p><strong>Delanteros:<\/strong> Tommy Tobar, Carlos Herrera y V\u00edctor Uribe.<\/p>\n<p>La clasificaci\u00f3n del grupo es la siguiente:<\/p>\n<p>Boyac\u00e1 Chic\u00f3, 10 puntos.<\/p>\n<p>Atl\u00e9tico Bucaramanga, 7 puntos.<\/p>\n<p>Alianza Petrolera, 5 puntos.<\/p>\n<p>Patriotas, 4 puntos.<\/p>\n<p>C\u00facuta Deportivo, 4 puntos.<\/p>\n<p>Real Santander, 3 puntos.<\/p>\n<p><a href=\"http:\/\/contraluz.co\/wp-content\/uploads\/2012\/04\/CUCUTA-NACIONAL-4-03-12-012.jpg\"><img loading=\"lazy\" decoding=\"async\" class=\"alignnone size-thumbnail wp-image-11273\" title=\"CUCUTA - NACIONAL 4 - 03 - 12 012\" src=\"http:\/\/contraluz.co\/wp-content\/uploads\/2012\/04\/CUCUTA-NACIONAL-4-03-12-012-150x150.jpg\" alt=\"\" width=\"150\" height=\"150\" \/><\/a>\u00a0 <a href=\"http:\/\/contraluz.co\/wp-content\/uploads\/2012\/04\/C\u00daCUTA-ITAG\u00fc\u00cd-8-4-2012-0021.jpg\"><img loading=\"lazy\" decoding=\"async\" class=\"alignnone size-thumbnail wp-image-11274\" title=\"C\u00daCUTA - ITAG\u00fc\u00cd - 8-4-2012 002\" src=\"http:\/\/contraluz.co\/wp-content\/uploads\/2012\/04\/C\u00daCUTA-ITAG\u00fc\u00cd-8-4-2012-0021-150x150.jpg\" alt=\"\" width=\"150\" height=\"150\" \/><\/a>\u00a0 <a href=\"http:\/\/contraluz.co\/wp-content\/uploads\/2012\/04\/C\u00daCUTA-ITAG\u00fc\u00cd-8-4-2012-013.jpg\"><img loading=\"lazy\" decoding=\"async\" class=\"alignnone size-thumbnail wp-image-11275\" title=\"C\u00daCUTA - ITAG\u00fc\u00cd - 8-4-2012 013\" src=\"http:\/\/contraluz.co\/wp-content\/uploads\/2012\/04\/C\u00daCUTA-ITAG\u00fc\u00cd-8-4-2012-013-150x150.jpg\" alt=\"\" width=\"150\" height=\"150\" \/><\/a><\/p>\n<p><strong>RAFAEL ANTONIO PAB\u00d3N<\/strong><\/p>\n<p><a href=\"mailto:rafaelpabon58@hotmail.com\">rafaelpabon58@hotmail.com<\/a><\/p>\n<p>&nbsp; <\/p>\n","protected":false},"excerpt":{"rendered":"<p>C\u00daCUTA.- El C\u00facuta Deportivo no anda bien en ninguno de los torneos del f\u00fatbol profesional colombiano en los que participa. En la primera A no consigue los resultados y a fuerza de perder en casa ocupa la \u00faltima posici\u00f3n de la tabla, el olor a descenso es intenso y la p\u00e9rdida de fe entre la &hellip;<\/p>\n","protected":false},"author":1,"featured_media":11270,"comment_status":"open","ping_status":"open","sticky":false,"template":"","format":"standard","meta":{"footnotes":""},"categories":[28],"tags":[300,192,301],"class_list":["post-11268","post","type-post","status-publish","format-standard","has-post-thumbnail","hentry","category-vistazo-deportivo","tag-copa-colombia","tag-cucuta-deportivo","tag-futbol-profesional-colombiano"],"_links":{"self":[{"href":"https:\/\/contraluzcucuta.co\/index.php?rest_route=\/wp\/v2\/posts\/11268","targetHints":{"allow":["GET"]}}],"collection":[{"href":"https:\/\/contraluzcucuta.co\/index.php?rest_route=\/wp\/v2\/posts"}],"about":[{"href":"https:\/\/contraluzcucuta.co\/index.php?rest_route=\/wp\/v2\/types\/post"}],"author":[{"embeddable":true,"href":"https:\/\/contraluzcucuta.co\/index.php?rest_route=\/wp\/v2\/users\/1"}],"replies":[{"embeddable":true,"href":"https:\/\/contraluzcucuta.co\/index.php?rest_route=%2Fwp%2Fv2%2Fcomments&post=11268"}],"version-history":[{"count":0,"href":"https:\/\/contraluzcucuta.co\/index.php?rest_route=\/wp\/v2\/posts\/11268\/revisions"}],"wp:attachment":[{"href":"https:\/\/contraluzcucuta.co\/index.php?rest_route=%2Fwp%2Fv2%2Fmedia&parent=11268"}],"wp:term":[{"taxonomy":"category","embeddable":true,"href":"https:\/\/contraluzcucuta.co\/index.php?rest_route=%2Fwp%2Fv2%2Fcategories&post=11268"},{"taxonomy":"post_tag","embeddable":true,"href":"https:\/\/contraluzcucuta.co\/index.php?rest_route=%2Fwp%2Fv2%2Ftags&post=11268"}],"curies":[{"name":"wp","href":"https:\/\/api.w.org\/{rel}","templated":true}]}}