{"id":11226,"date":"2012-04-09T20:49:10","date_gmt":"2012-04-10T01:49:10","guid":{"rendered":"http:\/\/contraluz.co\/?p=11226"},"modified":"2012-04-09T20:49:10","modified_gmt":"2012-04-10T01:49:10","slug":"victimas-del-conflicto-encendieron-la-luz-de-la-esperanza","status":"publish","type":"post","link":"https:\/\/contraluzcucuta.co\/?p=11226","title":{"rendered":"V\u00edctimas del conflicto encendieron la luz de la esperanza"},"content":{"rendered":"<p><strong>C\u00daCUTA.-<\/strong> V\u00edctimas del conflicto y concejales encendieron, este lunes, velas para representar la luz que debe iluminar las acciones a favor de hombres y mujeres que han perdido familiares, bienes materiales y la esperanza de vida, como consecuencia del conflicto armado colombiano.<\/p>\n<p>C\u00facuta es una de las mayores ciudades receptoras de v\u00edctimas, provenientes de los municipios de Norte de Santander afectados por el enfrentamiento armado, o llegados de otras regiones del pa\u00eds expulsadas por los actores de este pleito sin fin.<\/p>\n<p>La ceremonia se cumpli\u00f3 en el sal\u00f3n de sesiones del Concejo para conmemorar el D\u00eda de las V\u00edctimas. La coordinaci\u00f3n estuvo a cargo de la Unidad de Atenci\u00f3n y Orientaci\u00f3n a V\u00edctimas de la Violencia (UAO).<\/p>\n<p>Las calles cucute\u00f1as y los barrios de la periferia se han convertido en el refugio escogido por ni\u00f1os y adultos desplazados de sus parcelas. La realidad de la ciudad choca con las costumbres del campo y a cambio de encontrar soluciones, estos seres incrementan su dolor.<\/p>\n<p>Los concejales concluyeron que los miles de v\u00edctimas que ha dejado el conflicto colombiano merecen ser homenajeadas. Entre tanto, en otros lugares de la capital nortesantandereana la miseria acompa\u00f1a a estos campesinos e ind\u00edgenas.<\/p>\n<p>\u201cEl 9 de abril es el d\u00eda nacional de la memoria y la solidaridad con las v\u00edctimas. Es una fecha para mirar atr\u00e1s y tomar conciencia de la estela de dolor y sangre que la polarizaci\u00f3n, por medio de las armas, ha dejado de herencia\u201d, dijo el concejal Wilmar Cepeda.<\/p>\n<p>La fecha representa la oportunidad para enviarles a las v\u00edctimas el mensaje de un pa\u00eds que busca poner punto final al prolongado conflicto. \u201cA los secuestrados, a los ni\u00f1os en la guerra, a quienes se han acostumbrado a ser v\u00edctimas, les decimos que aqu\u00ed estamos, que ellos tambi\u00e9n son ciudadanos, que queremos iniciar un proyecto de pa\u00eds con ellos, hacer un homenaje a sus luchas y acabar con esa indiferencia que los vuelve a victimizar\u201d, dijo Nelly Fl\u00f3rez castellanos, coordinadora de la pol\u00edtica p\u00fablica UAO.<\/p>\n<p>El objetivo de la conmemoraci\u00f3n es que los ciudadanos guarden en la memoria los hechos violentos que el pa\u00eds ha vivido en las \u00faltimas d\u00e9cadas y que entiendan que no se deben repetir. <\/p>\n","protected":false},"excerpt":{"rendered":"<p>C\u00daCUTA.- V\u00edctimas del conflicto y concejales encendieron, este lunes, velas para representar la luz que debe iluminar las acciones a favor de hombres y mujeres que han perdido familiares, bienes materiales y la esperanza de vida, como consecuencia del conflicto armado colombiano. C\u00facuta es una de las mayores ciudades receptoras de v\u00edctimas, provenientes de los &hellip;<\/p>\n","protected":false},"author":1,"featured_media":11228,"comment_status":"open","ping_status":"open","sticky":false,"template":"","format":"standard","meta":{"footnotes":""},"categories":[5,36],"tags":[295],"class_list":["post-11226","post","type-post","status-publish","format-standard","has-post-thumbnail","hentry","category-justicia-transicional","category-la-voz-del-pueblo","tag-victimas-del-conflicto"],"_links":{"self":[{"href":"https:\/\/contraluzcucuta.co\/index.php?rest_route=\/wp\/v2\/posts\/11226","targetHints":{"allow":["GET"]}}],"collection":[{"href":"https:\/\/contraluzcucuta.co\/index.php?rest_route=\/wp\/v2\/posts"}],"about":[{"href":"https:\/\/contraluzcucuta.co\/index.php?rest_route=\/wp\/v2\/types\/post"}],"author":[{"embeddable":true,"href":"https:\/\/contraluzcucuta.co\/index.php?rest_route=\/wp\/v2\/users\/1"}],"replies":[{"embeddable":true,"href":"https:\/\/contraluzcucuta.co\/index.php?rest_route=%2Fwp%2Fv2%2Fcomments&post=11226"}],"version-history":[{"count":0,"href":"https:\/\/contraluzcucuta.co\/index.php?rest_route=\/wp\/v2\/posts\/11226\/revisions"}],"wp:attachment":[{"href":"https:\/\/contraluzcucuta.co\/index.php?rest_route=%2Fwp%2Fv2%2Fmedia&parent=11226"}],"wp:term":[{"taxonomy":"category","embeddable":true,"href":"https:\/\/contraluzcucuta.co\/index.php?rest_route=%2Fwp%2Fv2%2Fcategories&post=11226"},{"taxonomy":"post_tag","embeddable":true,"href":"https:\/\/contraluzcucuta.co\/index.php?rest_route=%2Fwp%2Fv2%2Ftags&post=11226"}],"curies":[{"name":"wp","href":"https:\/\/api.w.org\/{rel}","templated":true}]}}