{"id":11052,"date":"2012-04-03T18:35:00","date_gmt":"2012-04-03T23:35:00","guid":{"rendered":"http:\/\/contraluz.co\/?p=11052"},"modified":"2012-04-03T18:35:00","modified_gmt":"2012-04-03T23:35:00","slug":"directivos-del-cucuta-deportivo-buscan-salidas-a-la-crisis","status":"publish","type":"post","link":"https:\/\/contraluzcucuta.co\/?p=11052","title":{"rendered":"Directivos del C\u00facuta Deportivo buscan salidas a la crisis"},"content":{"rendered":"<p><strong>C\u00daCUTA.-<\/strong> La preocupaci\u00f3n que embarga a los directivos del C\u00facuta Deportivo los ha llevado a reflexionar, en estos d\u00edas santos, sobre el futuro del equipo y han tomado decisiones que redundar\u00e1n en beneficio del club.<\/p>\n<p>La mirada a la tabla de posiciones causa escalofr\u00edo entre los aficionados que no desean revivir el calvario del descenso, etapa en la que el once motil\u00f3n pas\u00f3 una d\u00e9cada. Prefieren recordar los momentos vividos a partir del 2006, a\u00f1o en el que se consigui\u00f3 la primera estrella en la categor\u00eda profesional.<\/p>\n<p>De 10 partidos jugados ha ganado solo \u00a0dos, ha empatado uno y ha perdido siete. Las derrotas que m\u00e1s duelen entre los hinchas son las locales. Los delanteros han marcado cinco goles y la porter\u00eda rojinegra ha sido vulnerada en 16 ocasiones.<\/p>\n<p>Estos n\u00fameros concluyen que el cuadro fronterizo es 17 con 7 puntos. A un paso del descenso y en zona de promoci\u00f3n. El pr\u00f3ximo rival ser\u00e1 Itagu\u00ed, que marcha cuarto con 15 unidades.<\/p>\n<p>Hoy, directivos del club sostendr\u00e1n con los jugadores una charla motivadora para levantarles el \u00e1nimo y comprometerlos con el futuro inmediato del equipo. Los miembros de la junta visitar\u00e1n el camerino motil\u00f3n y buscar\u00e1n alentar a los futbolistas para que comience la etapa de los triunfos.<\/p>\n<p>Entre los pasos pensados para sacar de la crisis al C\u00facuta est\u00e1 la posible contrataci\u00f3n de cuatro refuerzos. Los nuevos integrantes ser\u00e1n tra\u00eddos para el segundo campeonato del a\u00f1o. La n\u00f3mina actual tendr\u00e1 que responder por los resultados venideros y alejarse al m\u00e1ximo de los \u00faltimos lugares. La idea es apretar a los jugadores, estar encima de ellos para que se sientan comprometidos con el club.<\/p>\n<p>La comisi\u00f3n t\u00e9cnica habl\u00f3 del asunto y tambi\u00e9n de analizar a los deportistas que ser\u00e1n licenciados para darles el cupo a los refuerzos. No hay nombres de ninguno de los dos bloques. La escogencia de unos y otros estar\u00e1 encabezada por el t\u00e9cnico H\u00e9ctor Oscar Quintabani.<\/p>\n<p>Otra diligencia de los directivos cucute\u00f1os es el env\u00edo de un oficio a la Comisi\u00f3n Arbitral, con copias a los presidentes de la Dimayor y de la Federaci\u00f3n Colombiana de F\u00fatbol, sobre los arbitrajes que le han correspondido al C\u00facuta y que han perjudicado con las decisiones.<\/p>\n<p>La petici\u00f3n formal es que no nombren jueces de las regiones donde los equipos pelean el descenso, porque afectan los intereses motilones. El caso reciente del \u00e1rbitro en Cali, oriundo de Bol\u00edvar y con Cartagena en zona de descenso.<\/p>\n<p>El juez expuls\u00f3 Mena y afect\u00f3 al equipo. Le sac\u00f3 la tarjeta amarilla sin raz\u00f3n alguna y al ser preguntado por el capit\u00e1n rojinegro solo atin\u00f3 a decir que lo hizo porque quiso y porque es el que manda en la cancha.<\/p>\n<p>&nbsp; <\/p>\n","protected":false},"excerpt":{"rendered":"<p>C\u00daCUTA.- La preocupaci\u00f3n que embarga a los directivos del C\u00facuta Deportivo los ha llevado a reflexionar, en estos d\u00edas santos, sobre el futuro del equipo y han tomado decisiones que redundar\u00e1n en beneficio del club. La mirada a la tabla de posiciones causa escalofr\u00edo entre los aficionados que no desean revivir el calvario del descenso, &hellip;<\/p>\n","protected":false},"author":1,"featured_media":11054,"comment_status":"open","ping_status":"open","sticky":false,"template":"","format":"standard","meta":{"footnotes":""},"categories":[28],"tags":[192],"class_list":["post-11052","post","type-post","status-publish","format-standard","has-post-thumbnail","hentry","category-vistazo-deportivo","tag-cucuta-deportivo"],"_links":{"self":[{"href":"https:\/\/contraluzcucuta.co\/index.php?rest_route=\/wp\/v2\/posts\/11052","targetHints":{"allow":["GET"]}}],"collection":[{"href":"https:\/\/contraluzcucuta.co\/index.php?rest_route=\/wp\/v2\/posts"}],"about":[{"href":"https:\/\/contraluzcucuta.co\/index.php?rest_route=\/wp\/v2\/types\/post"}],"author":[{"embeddable":true,"href":"https:\/\/contraluzcucuta.co\/index.php?rest_route=\/wp\/v2\/users\/1"}],"replies":[{"embeddable":true,"href":"https:\/\/contraluzcucuta.co\/index.php?rest_route=%2Fwp%2Fv2%2Fcomments&post=11052"}],"version-history":[{"count":0,"href":"https:\/\/contraluzcucuta.co\/index.php?rest_route=\/wp\/v2\/posts\/11052\/revisions"}],"wp:attachment":[{"href":"https:\/\/contraluzcucuta.co\/index.php?rest_route=%2Fwp%2Fv2%2Fmedia&parent=11052"}],"wp:term":[{"taxonomy":"category","embeddable":true,"href":"https:\/\/contraluzcucuta.co\/index.php?rest_route=%2Fwp%2Fv2%2Fcategories&post=11052"},{"taxonomy":"post_tag","embeddable":true,"href":"https:\/\/contraluzcucuta.co\/index.php?rest_route=%2Fwp%2Fv2%2Ftags&post=11052"}],"curies":[{"name":"wp","href":"https:\/\/api.w.org\/{rel}","templated":true}]}}