{"id":11040,"date":"2012-04-03T14:47:04","date_gmt":"2012-04-03T19:47:04","guid":{"rendered":"http:\/\/contraluz.co\/?p=11040"},"modified":"2012-04-03T14:47:04","modified_gmt":"2012-04-03T19:47:04","slug":"no-codiciar-riquezas-pidio-monsenor-vidal-a-sacerdotes-cucutenos","status":"publish","type":"post","link":"https:\/\/contraluzcucuta.co\/?p=11040","title":{"rendered":"No codiciar riquezas, pidi\u00f3 monse\u00f1or Vidal a sacerdotes cucute\u00f1os"},"content":{"rendered":"<p><strong>C\u00daCUTA.-<\/strong> Monse\u00f1or Julio C\u00e9sar Vidal Ortiz les record\u00f3 a los sacerdotes de C\u00facuta, diocesanos y religiosos, que no deben codiciar la riqueza material. Los servidores de Dios renovaron, el Martes Santo, los votos en la misa crismal.<\/p>\n<p>La ceremonia se cumpli\u00f3 en la Catedral de San Jos\u00e9 y se bendijeron los \u00f3leos de los catec\u00famenos y de los enfermos, que aplicar\u00e1n los sacerdotes en las parroquias que atienden.<\/p>\n<p>La administraci\u00f3n municipal reconoci\u00f3 el servicio de cuatro curas en las comunidades cucute\u00f1as. Los padres Gregorio Le\u00f3n y Esteban Contreras por cumplir medio siglo de apostolado; Rigoberto Castrill\u00f3n, 42, y Enrique Ortiz, 25.<\/p>\n<p>La eucarist\u00eda, a la que asistieron feligreses llegados de municipios y barrios pertenecientes a la Di\u00f3cesis, congreg\u00f3 a m\u00e1s de un centenar de sacerdotes. \u201cAqu\u00ed est\u00e1 presente la vida religiosa\u201d, dijo en la homil\u00eda monse\u00f1or Vidal Ortiz.<\/p>\n<p>La liturgia, que no se cumpl\u00eda hac\u00eda a\u00f1os en Semana Santa, es uno de los momentos en los que el Obispo expresa la plenitud del sacerdocio. Otro, es en la ordenaci\u00f3n de los religiosos. Estos dos instantes son del fuero del prelado.<\/p>\n<p>\u201cSu presencia me da fortaleza y alegr\u00eda\u201d, les dijo el jerarca cat\u00f3lico a los padres. Julio C\u00e9sar Vidal lleg\u00f3 a C\u00facuta para remplazar a monse\u00f1or Jaime Prieto Amaya, quien muri\u00f3 en Bogot\u00e1.<\/p>\n<p>La Palabra del Se\u00f1or es de estricta obligaci\u00f3n, pero libre, dijo el pastor de la Iglesia y explic\u00f3 que de esta manera \u201cnos permite realizarnos como humanos\u201d. Y agreg\u00f3 que los sacerdotes se inspiran en Jesucristo \u201cmaestro y modelo\u201d.<\/p>\n<p>No hay persona en el mundo que pueda salir de donde est\u00e1 y crecer si no es con Jes\u00fas. \u201cLa Iglesia se construye por la palabra y los sacramentos\u201d, que comienzan desde el principio de la vida con el bautismo y van hasta el fin de los d\u00edas con la unci\u00f3n de los enfermos.<\/p>\n<p>Los sacerdotes se congregaron en la Catedral y en perfecta formaci\u00f3n desfilaron por la nave central del templo para llegar al altar y hacer la reverencia. El desfile lo remat\u00f3 monse\u00f1or Vidal Ortiz, quien explic\u00f3 el sentido de la ceremonia.<\/p>\n<p><a href=\"http:\/\/contraluz.co\/wp-content\/uploads\/2012\/04\/MISA-CRISMAL-021.jpg\"><img loading=\"lazy\" decoding=\"async\" class=\"alignnone size-thumbnail wp-image-11043\" title=\"MISA CRISMAL 021\" src=\"http:\/\/contraluz.co\/wp-content\/uploads\/2012\/04\/MISA-CRISMAL-021-150x150.jpg\" alt=\"\" width=\"150\" height=\"150\" \/><\/a>\u00a0 \u00a0\u00a0 <a href=\"http:\/\/contraluz.co\/wp-content\/uploads\/2012\/04\/MISA-CRISMAL-027.jpg\"><img loading=\"lazy\" decoding=\"async\" class=\"alignnone size-thumbnail wp-image-11045\" title=\"MISA CRISMAL 027\" src=\"http:\/\/contraluz.co\/wp-content\/uploads\/2012\/04\/MISA-CRISMAL-027-150x150.jpg\" alt=\"\" width=\"150\" height=\"150\" \/><\/a>\u00a0 <a href=\"http:\/\/contraluz.co\/wp-content\/uploads\/2012\/04\/MISA-CRISMAL-026.jpg\"><img loading=\"lazy\" decoding=\"async\" class=\"alignnone size-thumbnail wp-image-11046\" title=\"MISA CRISMAL 026\" src=\"http:\/\/contraluz.co\/wp-content\/uploads\/2012\/04\/MISA-CRISMAL-026-150x150.jpg\" alt=\"\" width=\"150\" height=\"150\" \/><\/a> <\/p>\n","protected":false},"excerpt":{"rendered":"<p>C\u00daCUTA.- Monse\u00f1or Julio C\u00e9sar Vidal Ortiz les record\u00f3 a los sacerdotes de C\u00facuta, diocesanos y religiosos, que no deben codiciar la riqueza material. Los servidores de Dios renovaron, el Martes Santo, los votos en la misa crismal. La ceremonia se cumpli\u00f3 en la Catedral de San Jos\u00e9 y se bendijeron los \u00f3leos de los catec\u00famenos &hellip;<\/p>\n","protected":false},"author":1,"featured_media":11048,"comment_status":"open","ping_status":"open","sticky":false,"template":"","format":"standard","meta":{"footnotes":""},"categories":[10,4],"tags":[274,191,173],"class_list":["post-11040","post","type-post","status-publish","format-standard","has-post-thumbnail","hentry","category-cronicas","category-barra","tag-misa-crismal","tag-monsenor-julio-cesar-vidal","tag-obispo-de-cucuta"],"_links":{"self":[{"href":"https:\/\/contraluzcucuta.co\/index.php?rest_route=\/wp\/v2\/posts\/11040","targetHints":{"allow":["GET"]}}],"collection":[{"href":"https:\/\/contraluzcucuta.co\/index.php?rest_route=\/wp\/v2\/posts"}],"about":[{"href":"https:\/\/contraluzcucuta.co\/index.php?rest_route=\/wp\/v2\/types\/post"}],"author":[{"embeddable":true,"href":"https:\/\/contraluzcucuta.co\/index.php?rest_route=\/wp\/v2\/users\/1"}],"replies":[{"embeddable":true,"href":"https:\/\/contraluzcucuta.co\/index.php?rest_route=%2Fwp%2Fv2%2Fcomments&post=11040"}],"version-history":[{"count":0,"href":"https:\/\/contraluzcucuta.co\/index.php?rest_route=\/wp\/v2\/posts\/11040\/revisions"}],"wp:attachment":[{"href":"https:\/\/contraluzcucuta.co\/index.php?rest_route=%2Fwp%2Fv2%2Fmedia&parent=11040"}],"wp:term":[{"taxonomy":"category","embeddable":true,"href":"https:\/\/contraluzcucuta.co\/index.php?rest_route=%2Fwp%2Fv2%2Fcategories&post=11040"},{"taxonomy":"post_tag","embeddable":true,"href":"https:\/\/contraluzcucuta.co\/index.php?rest_route=%2Fwp%2Fv2%2Ftags&post=11040"}],"curies":[{"name":"wp","href":"https:\/\/api.w.org\/{rel}","templated":true}]}}