{"id":11028,"date":"2012-04-03T13:51:16","date_gmt":"2012-04-03T18:51:16","guid":{"rendered":"http:\/\/contraluz.co\/?p=11028"},"modified":"2012-04-03T13:51:16","modified_gmt":"2012-04-03T18:51:16","slug":"sacaran-palomas-del-parque-santander-por-higiene","status":"publish","type":"post","link":"https:\/\/contraluzcucuta.co\/?p=11028","title":{"rendered":"Sacar\u00e1n palomas del parque Santander, por higiene"},"content":{"rendered":"<p><strong>C\u00daCUTA.-<\/strong> David D\u00edaz es fot\u00f3grafo profesional, lleva 36 a\u00f1os en el parque Santander y su materia prima para el trabajo son las palomas. Al lado de la estatua del general Francisco de Paula Santander ha visto pasar la historia cucute\u00f1a. Mejor no cuenta los d\u00edas para no asombrarse por lo vivido.<\/p>\n<p>En el tiempo gastado en el oficio ha sido testigo de varias remodelaciones de la plaza central de C\u00facuta. La \u00faltima, en el 2011, los mand\u00f3 a atender a los clientes en la calle 11A. En los tres meses que pasaron en el lugar les fue mal, no ganaron los pesos de siempre y merm\u00f3 la cantidad de fotos tomadas.<\/p>\n<p>Los 15 hombres que llegan cada ma\u00f1ana al parque, uniformados y con c\u00e1mara cargada al hombro, escucharon ayer una noticia que no les agrada, aunque acatar\u00e1n. El alcalde Donamaris Ram\u00edrez anunci\u00f3 que se llevar\u00e1 parte de las palomas para otros sitios.<\/p>\n<p>David escuch\u00f3 con resignaci\u00f3n esas palabras y dijo que es el Alcalde y hay que acatarlo. Pero no estaba convencido de esa reflexi\u00f3n. Record\u00f3 que en \u00e9pocas anteriores han sufrido y que no solo las aves alzar\u00e1n vuelo sino que las familias que buscan el recuerdo cucute\u00f1o tambi\u00e9n se ir\u00e1n.<\/p>\n<p>\u201cLas palomas son hermosas, pero en demas\u00eda son da\u00f1inas\u201d, dijo el alcalde Ram\u00edrez. El excremento de palomas, dada su cantidad y volumen de defecaciones, representa serio peligro para los elementos arquitect\u00f3nicos met\u00e1licos y p\u00e9treos. Si la densidad de animales es alta puede causar la muerte de zonas verdes.<\/p>\n<p>Los empleados municipales que tienen oficinas en el tercer piso del Palacio de Gobierno cucute\u00f1o padecen virus provocados por las palomas. El techo es cementerio de palomas y las ratas se alimentan de los huevos de las aves.<\/p>\n<p>La materia org\u00e1nica de las defecaciones contiene componentes \u00e1cidos, principalmente fosf\u00f3ricos y \u00faricos. Las palomas son aves de costumbres mon\u00f3gamas que construyen nidos en campanarios, cornisas y aleros de los edificios. Raramente en los \u00e1rboles. Los nidos alojan piojos. Algunas enfermedades pueden ser transmitidas a los humanos por los excrementos.<\/p>\n<p>El traslado de las palomas hacia otros espacios p\u00fablicos de C\u00facuta se har\u00e1 de manera organizada. En el parque Santander se instalar\u00e1 sistemas de ultrasonido para alejar las aves.<\/p>\n<p>Los agentes infecciosos pueden ser protozoarios, hongos, bacterias, clamidias o virus. La susceptibilidad individual y la seriedad de estas infecciones por microbios var\u00eda con la edad, estado de salud, estado inmunitario y a\u00fan cuando la intervenci\u00f3n de terapia temprana es solicitada.<\/p>\n<p><a href=\"http:\/\/contraluz.co\/wp-content\/uploads\/2012\/04\/MISA-CRISMAL-010.jpg\"><img loading=\"lazy\" decoding=\"async\" class=\"alignnone size-thumbnail wp-image-11031\" title=\"MISA CRISMAL 010\" src=\"http:\/\/contraluz.co\/wp-content\/uploads\/2012\/04\/MISA-CRISMAL-010-150x150.jpg\" alt=\"\" width=\"150\" height=\"150\" \/><\/a>\u00a0 <a href=\"http:\/\/contraluz.co\/wp-content\/uploads\/2012\/04\/MISA-CRISMAL-004.jpg\"><img loading=\"lazy\" decoding=\"async\" class=\"alignnone size-thumbnail wp-image-11032\" title=\"MISA CRISMAL 004\" src=\"http:\/\/contraluz.co\/wp-content\/uploads\/2012\/04\/MISA-CRISMAL-004-150x150.jpg\" alt=\"\" width=\"150\" height=\"150\" \/><\/a>\u00a0 <a href=\"http:\/\/contraluz.co\/wp-content\/uploads\/2012\/04\/MISA-CRISMAL-007.jpg\"><img loading=\"lazy\" decoding=\"async\" class=\"alignnone size-thumbnail wp-image-11033\" title=\"MISA CRISMAL 007\" src=\"http:\/\/contraluz.co\/wp-content\/uploads\/2012\/04\/MISA-CRISMAL-007-150x150.jpg\" alt=\"\" width=\"150\" height=\"150\" \/><\/a><\/p>\n<p>Entre algunas enfermedades destacan:<\/p>\n<p><strong>1.- Clamidiosis. <\/strong>Causada por la bacteria Chlamydia psitacci.<\/p>\n<p><strong>2.- Salmonelosis.<\/strong> Uno de los 200 serotipos de la especie Salmonella.<\/p>\n<p><strong>3.- \u00a0Colibacilosis.<\/strong> Causada por la infecci\u00f3n de Escherichia coli.<\/p>\n<p><strong>4.- Infecciones por Arizona (Arizonosis).<\/strong> Causadas por la bacteria Salmonella Arizona.<\/p>\n<p><strong>5.- Encefalitis Equina del Este<\/strong>. Causada por un virus RNA del g\u00e9nero Alphavirus.<\/p>\n<p><strong>6.- Criptococosis:<\/strong> (Cryptococcus neoformans). Hongo que crece en suelos con excremento de ave.<\/p>\n<p><strong>7.- Criptoporidiosis<\/strong>. Causada por un protozoario del g\u00e9nero Cryptosporidium.<\/p>\n<p><strong>8.- Alveolitos Al\u00e9rgica<\/strong>. Recibe tambi\u00e9n el nombre de \u201cenfermedad del pulm\u00f3n de la paloma\u201d. Entre las enfermedades zoon\u00f3ticas es una de las m\u00e1s relevantes.<\/p>\n<p>Las personas que tengan aves en las viviendas deben de ser conscientes de que pueden contraer ciertas enfermedades por el excremento de palomas o \u00a0el plumaje. La frecuencia de la transmisi\u00f3n de las aves a los humanos es baja. Los ni\u00f1os y los ancianos deben tener precauciones.<\/p>\n<p>Muchas de esas enfermedades son trasmitidas por ingesti\u00f3n o por contaminaci\u00f3n por materia fecal. La prevenci\u00f3n, simplemente, involucra la higiene.<\/p>\n<p><strong>RAFAEL ANTONIO PAB\u00d3N<\/strong><\/p>\n<p><a href=\"http:\/\/www.plagasydesinfeccion.com\/palomas\/excremento-de-palomas.html\">http:\/\/www.plagasydesinfeccion.com\/palomas\/excremento-de-palomas.html<\/a> <\/p>\n","protected":false},"excerpt":{"rendered":"<p>C\u00daCUTA.- David D\u00edaz es fot\u00f3grafo profesional, lleva 36 a\u00f1os en el parque Santander y su materia prima para el trabajo son las palomas. Al lado de la estatua del general Francisco de Paula Santander ha visto pasar la historia cucute\u00f1a. Mejor no cuenta los d\u00edas para no asombrarse por lo vivido. En el tiempo gastado &hellip;<\/p>\n","protected":false},"author":1,"featured_media":11030,"comment_status":"open","ping_status":"open","sticky":false,"template":"","format":"standard","meta":{"footnotes":""},"categories":[10,4],"tags":[271,272,273],"class_list":["post-11028","post","type-post","status-publish","format-standard","has-post-thumbnail","hentry","category-cronicas","category-barra","tag-alcalde-donamaris-ramirez","tag-palomas","tag-parque-santander"],"_links":{"self":[{"href":"https:\/\/contraluzcucuta.co\/index.php?rest_route=\/wp\/v2\/posts\/11028","targetHints":{"allow":["GET"]}}],"collection":[{"href":"https:\/\/contraluzcucuta.co\/index.php?rest_route=\/wp\/v2\/posts"}],"about":[{"href":"https:\/\/contraluzcucuta.co\/index.php?rest_route=\/wp\/v2\/types\/post"}],"author":[{"embeddable":true,"href":"https:\/\/contraluzcucuta.co\/index.php?rest_route=\/wp\/v2\/users\/1"}],"replies":[{"embeddable":true,"href":"https:\/\/contraluzcucuta.co\/index.php?rest_route=%2Fwp%2Fv2%2Fcomments&post=11028"}],"version-history":[{"count":0,"href":"https:\/\/contraluzcucuta.co\/index.php?rest_route=\/wp\/v2\/posts\/11028\/revisions"}],"wp:attachment":[{"href":"https:\/\/contraluzcucuta.co\/index.php?rest_route=%2Fwp%2Fv2%2Fmedia&parent=11028"}],"wp:term":[{"taxonomy":"category","embeddable":true,"href":"https:\/\/contraluzcucuta.co\/index.php?rest_route=%2Fwp%2Fv2%2Fcategories&post=11028"},{"taxonomy":"post_tag","embeddable":true,"href":"https:\/\/contraluzcucuta.co\/index.php?rest_route=%2Fwp%2Fv2%2Ftags&post=11028"}],"curies":[{"name":"wp","href":"https:\/\/api.w.org\/{rel}","templated":true}]}}