{"id":11014,"date":"2012-04-03T13:05:01","date_gmt":"2012-04-03T18:05:01","guid":{"rendered":"http:\/\/contraluz.co\/?p=11014"},"modified":"2012-04-03T13:05:01","modified_gmt":"2012-04-03T18:05:01","slug":"martes-santo-como-es-nuestra-fe","status":"publish","type":"post","link":"https:\/\/contraluzcucuta.co\/?p=11014","title":{"rendered":"Martes Santo \u00bfc\u00f3mo es nuestra fe?"},"content":{"rendered":"<p><em>Monse\u00f1or Javier Echevarr\u00eda acompa\u00f1a a Cristo y contempla cada escena que marca estos d\u00edas.<\/em><\/p>\n<p>El Evangelio termina con el anuncio de que los ap\u00f3stoles dejar\u00edan solo a Cristo durante la Pasi\u00f3n. A Sim\u00f3n Pedro que, lleno de presunci\u00f3n, afirmaba: yo dar\u00e9 mi vida por ti, el Se\u00f1or respondi\u00f3: \u00bfconque t\u00fa dar\u00e1s la vida por m\u00ed? Te aseguro que no cantar\u00e1 el gallo, antes de que me hayas negado tres veces.<\/p>\n<p>A los pocos d\u00edas se cumpli\u00f3 la predicci\u00f3n. Sin embargo, pocas horas antes, el Maestro les hab\u00eda dado una lecci\u00f3n clara, como prepar\u00e1ndoles para los momentos de oscuridad que se avecinaban.<\/p>\n<p>Ocurri\u00f3 el d\u00eda siguiente a la entrada triunfal en Jerusal\u00e9n. Jes\u00fas y los Ap\u00f3stoles hab\u00edan salido muy temprano de Betania y, con la prisa, quiz\u00e1 no tomaron ni un refrigerio. El caso es que, como relata San Marcos, el Se\u00f1or sinti\u00f3 hambre. Y viendo de lejos una higuera que ten\u00eda hojas, se acerc\u00f3 por si encontraba algo en ella. Cuando lleg\u00f3 no encontr\u00f3 nada m\u00e1s que hojas, porque no era tiempo de higos. Y la increp\u00f3: &#8220;\u00a1que nunca jam\u00e1s coma nadie fruto de ti!&#8221;. Sus disc\u00edpulos lo estaban escuchando.<\/p>\n<p>Al atardecer regresaron a la aldea. Deb\u00eda de ser una hora avanzada y no repararon en la higuera maldecida. Al d\u00eda siguiente, martes, al volver de nuevo a Jerusal\u00e9n, todos contemplaron aquel \u00e1rbol, antes frondoso, que mostraba las ramas desnudas y secas. Pedro se lo hizo notar a Jes\u00fas: Maestro, mira, la higuera que maldijiste se ha secado. Jes\u00fas les contest\u00f3: &#8220;Tengan fe en Dios. En verdad les digo que cualquiera que diga a este monte: arr\u00e1ncate y \u00e9chate al mar, sin dudar en su coraz\u00f3n, sino creyendo que se har\u00e1 lo que dice, le ser\u00e1 concedido&#8221;.<\/p>\n<p>Durante su vida p\u00fablica, para hacer milagros, Jes\u00fas ped\u00eda una sola cosa: fe. A dos ciegos que le suplicaban la curaci\u00f3n, les hab\u00eda preguntado: \u00bfcre\u00e9is que puedo hacer eso? \u2014S\u00ed, Se\u00f1or, le respondieron. Entonces les toc\u00f3 los ojos diciendo: que se haga en vosotros conforme a vuestra fe. Y se les abrieron los ojos. Y cuentan los evangelios que, en muchos lugares, apenas hizo prodigios, porque a la gente le faltaba fe.<\/p>\n<p>Tambi\u00e9n nosotros hemos de interrogarnos: \u00bfc\u00f3mo es nuestra fe? \u00bfConfiamos plenamente en la palabra de Dios? \u00bfPedimos en la oraci\u00f3n lo que necesitamos, seguros de obtenerlo si es para nuestro bien? \u00bfInsistimos en las s\u00faplicas lo que sea preciso, sin descorazonarnos?<br \/>\nSan Josemar\u00eda Escriv\u00e1 comentaba esta escena del Evangelio.<em> \u00abJes\u00fas<\/em> \u2014escribe\u2014<em> se acerca a la higuera: se acerca a ti y se acerca a m\u00ed. Jes\u00fas, con hambre y sed de almas. Desde la Cruz ha clamado: (Jn 19, 28), tengo sed. Sed de nosotros, de nuestro amor, de nuestras almas y de todas las almas que debemos llevar hasta \u00c9l, por el camino de la Cruz, que es el camino de la inmortalidad y de la gloria del Cielo\u00bb. <\/em><\/p>\n<p>Se lleg\u00f3 a la higuera, no hallando sino solamente hojas (Mt 21, 19). Es lamentable esto. \u00bfOcurre as\u00ed en nuestra vida? \u00bfOcurre que tristemente falta fe, vibraci\u00f3n de humildad, que no aparecen sacrificios ni obras?<\/p>\n<p>Los disc\u00edpulos se maravillaron ante el milagro, pero de nada les sirvi\u00f3: pocos d\u00edas despu\u00e9s negar\u00edan a su Maestro. Y es que la fe debe informar la vida entera. <em>\u00abJesucristo pone esta condici\u00f3n\u00bb,<\/em> prosigue San Josemar\u00eda: <em>\u00abque vivamos de la fe, porque despu\u00e9s seremos capaces de remover los montes. Y hay tantas cosas qu\u00e9 remover&#8230; en el mundo y, primero, en nuestro coraz\u00f3n. \u00a1Tantos obst\u00e1culos a la gracia! Fe, pues; fe con obras, fe con sacrificio, fe con humildad\u00bb. <\/em><\/p>\n<p>Mar\u00eda, con su fe, ha hecho posible la obra de la Redenci\u00f3n. Juan Pablo II afirma que <em>en el centro de este misterio, en lo m\u00e1s vivo de este asombro de la fe, se halla Mar\u00eda, Madre soberana del Redentor<\/em> (Redemptoris Mater, 51). Ella acompa\u00f1a constantemente a todos los hombres por los senderos que conducen a la vida eterna. <em>La Iglesia<\/em>, escribe el Papa, <em>contempla a Mar\u00eda profundamente arraigada en la historia de la humanidad, en la eterna vocaci\u00f3n del hombre seg\u00fan el designio providencial que Dios ha predispuesto eternamente para \u00e9l; la ve maternalmente presente y part\u00edcipe en los m\u00faltiples y complejos problemas que acompa\u00f1an hoy la vida de los individuos, de las familias y de las naciones; la ve socorriendo al pueblo cristiano en la lucha incesante entre el bien y el mal, para que &#8220;no caiga&#8221; o, si cae, &#8220;se levante&#8221;<\/em> (Redemptoris Mater, 52).<\/p>\n<p>Mar\u00eda, Madre nuestra: alc\u00e1nzanos con tu intercesi\u00f3n poderosa una fe sincera, una esperanza segura, un amor encendido. <\/p>\n","protected":false},"excerpt":{"rendered":"<p>Monse\u00f1or Javier Echevarr\u00eda acompa\u00f1a a Cristo y contempla cada escena que marca estos d\u00edas. El Evangelio termina con el anuncio de que los ap\u00f3stoles dejar\u00edan solo a Cristo durante la Pasi\u00f3n. A Sim\u00f3n Pedro que, lleno de presunci\u00f3n, afirmaba: yo dar\u00e9 mi vida por ti, el Se\u00f1or respondi\u00f3: \u00bfconque t\u00fa dar\u00e1s la vida por m\u00ed? &hellip;<\/p>\n","protected":false},"author":1,"featured_media":11022,"comment_status":"open","ping_status":"open","sticky":false,"template":"","format":"standard","meta":{"footnotes":""},"categories":[7,45],"tags":[270,268],"class_list":["post-11014","post","type-post","status-publish","format-standard","has-post-thumbnail","hentry","category-acontecimientos","category-destacado","tag-martes-santo","tag-monsenor-javier-echevarria"],"_links":{"self":[{"href":"https:\/\/contraluzcucuta.co\/index.php?rest_route=\/wp\/v2\/posts\/11014","targetHints":{"allow":["GET"]}}],"collection":[{"href":"https:\/\/contraluzcucuta.co\/index.php?rest_route=\/wp\/v2\/posts"}],"about":[{"href":"https:\/\/contraluzcucuta.co\/index.php?rest_route=\/wp\/v2\/types\/post"}],"author":[{"embeddable":true,"href":"https:\/\/contraluzcucuta.co\/index.php?rest_route=\/wp\/v2\/users\/1"}],"replies":[{"embeddable":true,"href":"https:\/\/contraluzcucuta.co\/index.php?rest_route=%2Fwp%2Fv2%2Fcomments&post=11014"}],"version-history":[{"count":0,"href":"https:\/\/contraluzcucuta.co\/index.php?rest_route=\/wp\/v2\/posts\/11014\/revisions"}],"wp:attachment":[{"href":"https:\/\/contraluzcucuta.co\/index.php?rest_route=%2Fwp%2Fv2%2Fmedia&parent=11014"}],"wp:term":[{"taxonomy":"category","embeddable":true,"href":"https:\/\/contraluzcucuta.co\/index.php?rest_route=%2Fwp%2Fv2%2Fcategories&post=11014"},{"taxonomy":"post_tag","embeddable":true,"href":"https:\/\/contraluzcucuta.co\/index.php?rest_route=%2Fwp%2Fv2%2Ftags&post=11014"}],"curies":[{"name":"wp","href":"https:\/\/api.w.org\/{rel}","templated":true}]}}