{"id":11004,"date":"2012-04-02T23:24:16","date_gmt":"2012-04-03T04:24:16","guid":{"rendered":"http:\/\/contraluz.co\/?p=11004"},"modified":"2012-04-02T23:24:16","modified_gmt":"2012-04-03T04:24:16","slug":"en-15-dias-abren-inscripciones-para-junta-de-la-camara-de-comercio","status":"publish","type":"post","link":"https:\/\/contraluzcucuta.co\/?p=11004","title":{"rendered":"En 15 d\u00edas abren inscripciones para junta de la C\u00e1mara de Comercio"},"content":{"rendered":"<p><strong>C\u00daCUTA.-<\/strong> En 15 d\u00edas se abrir\u00e1n las inscripciones para candidatos a la junta directiva de la C\u00e1mara de Comercio de C\u00facuta, periodo 2012-2014.\u00a0 Las elecciones de los seis miembros principales con los suplentes personales se cumplir\u00e1n el 7 de junio, entre las 8:00 de la ma\u00f1ana y las 4:00 de la tarde.<\/p>\n<p>Podr\u00e1n ser candidatos las personas naturales y las jur\u00eddicas por medio de los representantes legales, afiliados a 30 de marzo, que hayan cumplido con la renovaci\u00f3n de la matr\u00edcula y cumplan los requisitos del art\u00edculo 85 del C\u00f3digo de Comercio.<\/p>\n<p>Podr\u00e1n inscribir listas las personas naturales y las jur\u00eddicas, por intermedio de los representantes, que se hayan matriculado o afiliado y cumplido con la renovaci\u00f3n de la matr\u00edcula entre el 2 de enero y el 30 de marzo.<\/p>\n<p>Las listas deber\u00e1n inscribirse ante las alcald\u00edas de C\u00facuta, Villa del Rosario y Los Patios. La modificaci\u00f3n a las listas inscritas deber\u00e1 hacerse hasta el 30 de abril. Se requiere que la solicitud de cambios sea presentada por los que adelantaron la inscripci\u00f3n inicial.<\/p>\n<p>Para ser elegido como directivo deber\u00e1 tener dicha calidad, a 30 de marzo del 2012, haber cumplido con la renovaci\u00f3n de la matr\u00edcula mercantil hasta el 30 de marzo y poseer la calidad de afiliado.<\/p>\n<p>&nbsp; <\/p>\n","protected":false},"excerpt":{"rendered":"<p>C\u00daCUTA.- En 15 d\u00edas se abrir\u00e1n las inscripciones para candidatos a la junta directiva de la C\u00e1mara de Comercio de C\u00facuta, periodo 2012-2014.\u00a0 Las elecciones de los seis miembros principales con los suplentes personales se cumplir\u00e1n el 7 de junio, entre las 8:00 de la ma\u00f1ana y las 4:00 de la tarde. Podr\u00e1n ser candidatos &hellip;<\/p>\n","protected":false},"author":1,"featured_media":11005,"comment_status":"open","ping_status":"open","sticky":false,"template":"","format":"standard","meta":{"footnotes":""},"categories":[6],"tags":[],"class_list":["post-11004","post","type-post","status-publish","format-standard","has-post-thumbnail","hentry","category-ojo-avizor"],"_links":{"self":[{"href":"https:\/\/contraluzcucuta.co\/index.php?rest_route=\/wp\/v2\/posts\/11004","targetHints":{"allow":["GET"]}}],"collection":[{"href":"https:\/\/contraluzcucuta.co\/index.php?rest_route=\/wp\/v2\/posts"}],"about":[{"href":"https:\/\/contraluzcucuta.co\/index.php?rest_route=\/wp\/v2\/types\/post"}],"author":[{"embeddable":true,"href":"https:\/\/contraluzcucuta.co\/index.php?rest_route=\/wp\/v2\/users\/1"}],"replies":[{"embeddable":true,"href":"https:\/\/contraluzcucuta.co\/index.php?rest_route=%2Fwp%2Fv2%2Fcomments&post=11004"}],"version-history":[{"count":0,"href":"https:\/\/contraluzcucuta.co\/index.php?rest_route=\/wp\/v2\/posts\/11004\/revisions"}],"wp:attachment":[{"href":"https:\/\/contraluzcucuta.co\/index.php?rest_route=%2Fwp%2Fv2%2Fmedia&parent=11004"}],"wp:term":[{"taxonomy":"category","embeddable":true,"href":"https:\/\/contraluzcucuta.co\/index.php?rest_route=%2Fwp%2Fv2%2Fcategories&post=11004"},{"taxonomy":"post_tag","embeddable":true,"href":"https:\/\/contraluzcucuta.co\/index.php?rest_route=%2Fwp%2Fv2%2Ftags&post=11004"}],"curies":[{"name":"wp","href":"https:\/\/api.w.org\/{rel}","templated":true}]}}