{"id":10987,"date":"2012-04-02T22:59:08","date_gmt":"2012-04-03T03:59:08","guid":{"rendered":"http:\/\/contraluz.co\/?p=10987"},"modified":"2012-04-02T22:59:08","modified_gmt":"2012-04-03T03:59:08","slug":"fortalecer-el-gremio-de-periodistas-una-de-las-metas-de-rafael-pabon","status":"publish","type":"post","link":"https:\/\/contraluzcucuta.co\/?p=10987","title":{"rendered":"Fortalecer el gremio de periodistas, una de las metas de Rafael Pab\u00f3n"},"content":{"rendered":"<p><strong>C\u00daCUTA.-<\/strong> Egresado de la facultad de comunicaci\u00f3n social\u00a0 y periodismo de la Universidad de la Sabana, en 1984, Rafael Pab\u00f3n Laguado ha ejercido su profesi\u00f3n en varios frentes por m\u00e1s de\u00a0 25 a\u00f1os. Fue jefe de redacci\u00f3n y editor de La Opini\u00f3n. Tambi\u00e9n tuvo en este mismo medio una columna de opini\u00f3n.<\/p>\n<p>Se retir\u00f3 en 2009 para fundar la revista <strong>Ahora<\/strong>, una publicaci\u00f3n que asumi\u00f3 con varios colegas. En internet sostiene\u00a0 la revista <a href=\"http:\/\/www.contraluz.co\/\">www.contraluz.co<\/a> con informaci\u00f3n de actualidad y entrega diaria. En la Universidad de Pamplona es titular de la c\u00e1tedra de redacci\u00f3n. Le dedica tiempo al estudio de la lengua espa\u00f1ola y es un lector constante.<\/p>\n<p>La reciente asamblea del C\u00edrculo de Periodistas y Comunicadores\u00a0 Sociales de Norte Santander eligi\u00f3 a Rafael Pab\u00f3n presidente de su junta directiva. Desde esta posici\u00f3n se propone cumplir metas que representen la reivindicaci\u00f3n de los intereses del gremio. As\u00ed se le expres\u00f3 a La Opini\u00f3n.<\/p>\n<p><strong>Desde hace tiempo los periodistas en Norte Santander no cuentan con una organizaci\u00f3n que los represente y defienda sus intereses. \u00bfCu\u00e1les son, en ese sentido, las posibilidades que tiene el C\u00edrculo de Periodistas y Comunicadores que ahora usted va a presidir?<\/strong><\/p>\n<p><em>El nacimiento de esta organizaci\u00f3n surge, precisamente, de la queja que siempre se tiene de parte de quienes hemos ejercido el periodismo en C\u00facuta, en el sentido que no se ha contado con una entidad gremial que nos represente y nos gu\u00ede. Por eso se ha carecido de programas de capacitaci\u00f3n constante que mejoren el ejercicio de la profesi\u00f3n. Nos proponemos superar ese vac\u00edo y entrar en contacto con estudiantes y quienes est\u00e1n llegando a los diferentes medios.<\/em><\/p>\n<p><strong>\u00bfQu\u00e9 otros objetivos se ha trazado la organizaci\u00f3n?<\/strong><\/p>\n<p><em>El primer objetivo es defender la profesi\u00f3n, que se nos tenga en cuenta como gremio. Nos corresponde interactuar con los dem\u00e1s sectores, participar en el conocimiento de los asuntos regionales y hasta pronunciarnos sobre los mismos. Somos parte de esa realidad.<\/em><\/p>\n<p><strong>\u00bfCon qu\u00e9 apoyos puede contar el C\u00edrculo de Periodistas para el cumplimiento de sus programas?<\/strong><\/p>\n<p><em>Es importante mantener una relaci\u00f3n activa con las universidades. Y especialmente con la Francisco de Paula Santander, la de Pamplona y la Sim\u00f3n Bol\u00edvar que tienen facultades de\u00a0 periodismo. Esperamos\u00a0 agrupar\u00a0 a estudiantes y a los periodistas de todos los medios. Estimamos las relaciones con los dem\u00e1s gremios, entre las cuales se cuentan\u00a0 Fenalco, el Comit\u00e9 Intergremial o entidades como la C\u00e1mara de Comercio y\u00a0 las\u00a0 de gobierno,\u00a0 sin comprometer la independencia de quienes tienen la responsabilidad de la informaci\u00f3n en los medios. El entendimiento con las empresas que los manejan es igualmente importante, en t\u00e9rminos de reconocimiento de derechos y deberes.<\/em><\/p>\n<p><a href=\"http:\/\/contraluz.co\/wp-content\/uploads\/2012\/04\/rafa-1.jpg\"><img loading=\"lazy\" decoding=\"async\" class=\"alignnone size-thumbnail wp-image-10989\" title=\"Contraluz.co\" src=\"http:\/\/contraluz.co\/wp-content\/uploads\/2012\/04\/rafa-1-150x150.jpg\" alt=\"\" width=\"150\" height=\"150\" \/><\/a>\u00a0\u00a0 <a href=\"http:\/\/contraluz.co\/wp-content\/uploads\/2012\/04\/rafa-2.jpg\"><img loading=\"lazy\" decoding=\"async\" class=\"alignnone size-thumbnail wp-image-10990\" title=\"Contraluz.co\" src=\"http:\/\/contraluz.co\/wp-content\/uploads\/2012\/04\/rafa-2-150x150.jpg\" alt=\"\" width=\"150\" height=\"150\" \/><\/a>\u00a0\u00a0\u00a0 <a href=\"http:\/\/contraluz.co\/wp-content\/uploads\/2012\/04\/rAFAEL-cONTRALUZ-31.jpg\"><img loading=\"lazy\" decoding=\"async\" class=\"alignnone size-thumbnail wp-image-10992\" title=\"Contraluz.co\" src=\"http:\/\/contraluz.co\/wp-content\/uploads\/2012\/04\/rAFAEL-cONTRALUZ-31-150x150.jpg\" alt=\"\" width=\"150\" height=\"150\" \/><\/a>\u00a0\u00a0<\/p>\n<p><strong>\u00bfC\u00f3mo ve la situaci\u00f3n laboral de los periodistas en Norte Santander?<\/strong><\/p>\n<p><em>Muy dif\u00edcil. Aqu\u00ed no hay sino tres empresas que le pagan formalmente a los periodistas: La Opini\u00f3n y las cadenas radiales Caracol y RCN. Lo dem\u00e1s es la lucha individual por conseguir un ingreso y esto es complejo. Se depende en buena parte de la disponibilidad de las entidades oficiales y esta no es ni equitativa ni suficiente. Es necesario revisar este problema y buscar alternativas que mejoren las condiciones laborales de los periodistas con garant\u00edas de seguridad social y estabilidad en el ingreso, que debe corresponder a su responsabilidad y capacidad en el ejercicio de la profesi\u00f3n.<\/em><\/p>\n<p><strong>\u00bfUsted\u00a0 que ha sido un periodista de carrera y adem\u00e1s catedr\u00e1tico que aporta conocimientos, c\u00f3mo ve la calidad de la informaci\u00f3n en el periodismo de la regi\u00f3n?<\/strong><\/p>\n<p><em>La\u00a0 calidad de la informaci\u00f3n es baja pero no por culpa de la academia. En los egresados se advierte cierta pereza mental, que los lleva a un trabajo de rutina, sin complementaci\u00f3n con\u00a0 el estudio que se requiere para\u00a0 estar actualizado. Se improvisa\u00a0 mucho en la radio y la televisi\u00f3n y se omite la dedicaci\u00f3n a un conocimiento m\u00e1s riguroso.<\/em><\/p>\n<p><strong>\u00bfSin entrar en competencia con otras organizaciones, tienen alg\u00fan mecanismo que les permita ampliar la base de afiliados a la organizaci\u00f3n C\u00edrculo de Periodistas?<\/strong><\/p>\n<p><em>Vamos a trabajar por el fortalecimiento del C\u00edrculo teniendo como objetivo la unidad gremial. Las puertas de la organizaci\u00f3n est\u00e1n abiertas a todos y vamos a impulsar los contactos con los egresados, que son una fuerza laboral importante. <\/em><\/p>\n<p><strong>\u00bfC\u00f3mo califica a las facultades de periodismo\u00a0 con que cuenta C\u00facuta y que est\u00e1n\u00a0 en las universidades?<\/strong><\/p>\n<p><em>Las facultades de periodismo son buenas y sus\u00a0 programas acad\u00e9micos responden a la formaci\u00f3n que garantice idoneidad. El problema est\u00e1 en que quienes reciben esos conocimientos no siempre los asimilan como debieran hacerlo.<\/em><\/p>\n<p><strong>Entrevista concedida a Cicer\u00f3n Fl\u00f3rez y publicada en La Opini\u00f3n<\/strong><\/p>\n<p><a href=\"http:\/\/www.laopinion.com.co\/noticias\/index.php?option=com_content&amp;task=view&amp;id=393696&amp;Itemid=31\">http:\/\/www.laopinion.com.co\/noticias\/index.php?option=com_content&amp;task=view&amp;id=393696&amp;Itemid=31<\/a><\/p>\n<p>&nbsp; <\/p>\n","protected":false},"excerpt":{"rendered":"<p>C\u00daCUTA.- Egresado de la facultad de comunicaci\u00f3n social\u00a0 y periodismo de la Universidad de la Sabana, en 1984, Rafael Pab\u00f3n Laguado ha ejercido su profesi\u00f3n en varios frentes por m\u00e1s de\u00a0 25 a\u00f1os. Fue jefe de redacci\u00f3n y editor de La Opini\u00f3n. Tambi\u00e9n tuvo en este mismo medio una columna de opini\u00f3n. Se retir\u00f3 en &hellip;<\/p>\n","protected":false},"author":1,"featured_media":10993,"comment_status":"open","ping_status":"open","sticky":false,"template":"","format":"standard","meta":{"footnotes":""},"categories":[17,4],"tags":[],"class_list":["post-10987","post","type-post","status-publish","format-standard","has-post-thumbnail","hentry","category-conversaciones-a-contraluz","category-barra"],"_links":{"self":[{"href":"https:\/\/contraluzcucuta.co\/index.php?rest_route=\/wp\/v2\/posts\/10987","targetHints":{"allow":["GET"]}}],"collection":[{"href":"https:\/\/contraluzcucuta.co\/index.php?rest_route=\/wp\/v2\/posts"}],"about":[{"href":"https:\/\/contraluzcucuta.co\/index.php?rest_route=\/wp\/v2\/types\/post"}],"author":[{"embeddable":true,"href":"https:\/\/contraluzcucuta.co\/index.php?rest_route=\/wp\/v2\/users\/1"}],"replies":[{"embeddable":true,"href":"https:\/\/contraluzcucuta.co\/index.php?rest_route=%2Fwp%2Fv2%2Fcomments&post=10987"}],"version-history":[{"count":0,"href":"https:\/\/contraluzcucuta.co\/index.php?rest_route=\/wp\/v2\/posts\/10987\/revisions"}],"wp:attachment":[{"href":"https:\/\/contraluzcucuta.co\/index.php?rest_route=%2Fwp%2Fv2%2Fmedia&parent=10987"}],"wp:term":[{"taxonomy":"category","embeddable":true,"href":"https:\/\/contraluzcucuta.co\/index.php?rest_route=%2Fwp%2Fv2%2Fcategories&post=10987"},{"taxonomy":"post_tag","embeddable":true,"href":"https:\/\/contraluzcucuta.co\/index.php?rest_route=%2Fwp%2Fv2%2Ftags&post=10987"}],"curies":[{"name":"wp","href":"https:\/\/api.w.org\/{rel}","templated":true}]}}