{"id":10946,"date":"2012-04-01T19:33:26","date_gmt":"2012-04-02T00:33:26","guid":{"rendered":"http:\/\/contraluz.co\/?p=10946"},"modified":"2012-04-01T19:33:26","modified_gmt":"2012-04-02T00:33:26","slug":"los-juegos-no-tienen-reversa-andres-botero","status":"publish","type":"post","link":"https:\/\/contraluzcucuta.co\/?p=10946","title":{"rendered":"\u201cLos Juegos no tienen reversa\u201d, Andr\u00e9s Botero"},"content":{"rendered":"<p><strong>BOGOT\u00c1.-<\/strong> Los 19 Juegos Nacionales y III Paral\u00edmpicos se llevar\u00e1n a cabo en las fechas previstas y en las sedes asignadas. \u00a0\u201cLos juegos no tienen reversa\u201d, dijo el director de Coldeportes, Andr\u00e9s Botero.<\/p>\n<p>Las justas est\u00e1n programas del 3 al 17 de noviembre, en Cauca C\u00f3rdoba y Norte de Santander. Los Paral\u00edmpicos \u00a0se disputar\u00e1n del 24 de noviembre al 2 de diciembre, en C\u00facuta.<\/p>\n<p>La construcci\u00f3n y adecuaci\u00f3n de los escenarios est\u00e1 en 20 por ciento. En la capital nortesantandereana hay cr\u00edticas por la falta de inversi\u00f3n para dejarle a la ciudad campos deportivos adecuados. Los \u00fanicos nuevos ser\u00e1n la piscina de clavados y las canchas de tenis.<\/p>\n<p>El director de Coldeportes habl\u00f3 de los problemas para la organizaci\u00f3n. \u201cEl primero, fue encontrar que estos Juegos estaban pr\u00e1cticamente comenzando de verdad\u201d.<\/p>\n<p>Se mostr\u00f3 impresionado, porque hace tres a\u00f1os se asignaron las sedes a las ciudades y \u201cpens\u00e9 que iban mucho m\u00e1s adelantadas en su construcci\u00f3n. La idea es solucionar los problemas de cada ciudad en el tema de escenarios deportivos\u201d.<\/p>\n<p>Reconoci\u00f3 los retrasos en ciertas obras y anunci\u00f3 que tendr\u00e1n un \u2018plan B\u2019. \u201cLo analizaremos m\u00e1s adelant\u00e9, cuando todo est\u00e9 en construcci\u00f3n\u201d. De acuerdo con el avance de las obras el instituto tomar\u00e1 la decisi\u00f3n no de retirar la sede de una ciudad, sino, de pronto, cancelar uno o dos deportes y pasarlos para otra.<\/p>\n<p>Por primera vez, en la historia de los Nacionales, se han inscrito para participar todos los departamentos del pa\u00eds.<\/p>\n<p>&nbsp;<\/p>\n<p>&nbsp; <\/p>\n","protected":false},"excerpt":{"rendered":"<p>BOGOT\u00c1.- Los 19 Juegos Nacionales y III Paral\u00edmpicos se llevar\u00e1n a cabo en las fechas previstas y en las sedes asignadas. \u00a0\u201cLos juegos no tienen reversa\u201d, dijo el director de Coldeportes, Andr\u00e9s Botero. Las justas est\u00e1n programas del 3 al 17 de noviembre, en Cauca C\u00f3rdoba y Norte de Santander. Los Paral\u00edmpicos \u00a0se disputar\u00e1n del &hellip;<\/p>\n","protected":false},"author":1,"featured_media":10948,"comment_status":"open","ping_status":"open","sticky":false,"template":"","format":"standard","meta":{"footnotes":""},"categories":[28],"tags":[262,263,217],"class_list":["post-10946","post","type-post","status-publish","format-standard","has-post-thumbnail","hentry","category-vistazo-deportivo","tag-andres-botero","tag-coldeportes","tag-juegos-nacionales-2012"],"_links":{"self":[{"href":"https:\/\/contraluzcucuta.co\/index.php?rest_route=\/wp\/v2\/posts\/10946","targetHints":{"allow":["GET"]}}],"collection":[{"href":"https:\/\/contraluzcucuta.co\/index.php?rest_route=\/wp\/v2\/posts"}],"about":[{"href":"https:\/\/contraluzcucuta.co\/index.php?rest_route=\/wp\/v2\/types\/post"}],"author":[{"embeddable":true,"href":"https:\/\/contraluzcucuta.co\/index.php?rest_route=\/wp\/v2\/users\/1"}],"replies":[{"embeddable":true,"href":"https:\/\/contraluzcucuta.co\/index.php?rest_route=%2Fwp%2Fv2%2Fcomments&post=10946"}],"version-history":[{"count":0,"href":"https:\/\/contraluzcucuta.co\/index.php?rest_route=\/wp\/v2\/posts\/10946\/revisions"}],"wp:attachment":[{"href":"https:\/\/contraluzcucuta.co\/index.php?rest_route=%2Fwp%2Fv2%2Fmedia&parent=10946"}],"wp:term":[{"taxonomy":"category","embeddable":true,"href":"https:\/\/contraluzcucuta.co\/index.php?rest_route=%2Fwp%2Fv2%2Fcategories&post=10946"},{"taxonomy":"post_tag","embeddable":true,"href":"https:\/\/contraluzcucuta.co\/index.php?rest_route=%2Fwp%2Fv2%2Ftags&post=10946"}],"curies":[{"name":"wp","href":"https:\/\/api.w.org\/{rel}","templated":true}]}}