{"id":10849,"date":"2012-03-29T16:37:45","date_gmt":"2012-03-29T21:37:45","guid":{"rendered":"http:\/\/contraluz.co\/?p=10849"},"modified":"2012-03-29T16:37:45","modified_gmt":"2012-03-29T21:37:45","slug":"reforma-a-la-justicia-no-es-contra-nadie-ministro-esguerra","status":"publish","type":"post","link":"https:\/\/contraluzcucuta.co\/?p=10849","title":{"rendered":"Reforma a la justicia no es contra nadie: ministro Esguerra"},"content":{"rendered":"<p><strong>C\u00daCUTA.-<\/strong> El ministro de justicia Juan Carlos Esguerra es hijo de juez y la presentaci\u00f3n ante la sociedad colombiana, un 31 de diciembre, no dijo de qu\u00e9 a\u00f1o, la vivi\u00f3 en el Club Comercio de C\u00facuta. Desde entonces guarda especial recuerdo para con la capital de Norte de Santander.<\/p>\n<p>Aqu\u00ed tuvo novia y por poco consigue el gentilicio de cucute\u00f1o. Solo que la joven \u201ctuvo el acierto de no casarse conmigo\u201d. La pasi\u00f3n por la ciudad tampoco le alcanz\u00f3 para hacerse hincha del hoy alica\u00eddo C\u00facuta Deportivo.<\/p>\n<p>Antes de comenzar a hablar del proyecto de reforma a la pol\u00edtica colombiana evoc\u00f3 tres nombres que conserva con los mejores recuerdos. Mencion\u00f3 al exsenador Jorge Cristo Sahium, al expresidente de la Universidad Libre, Jaime P\u00e9rez, y al m\u00e9dico Guillermo Lara.<\/p>\n<p>Las remembranzas sirvieron para distender el ambiente, ganarse los aplausos y arrancar risas de profesionales y alumnos del derecho, reunidos en el aula m\u00e1xima del centro de estudios superiores. Luego, entr\u00f3 en materia.<\/p>\n<p>La reforma a la justicia colombiana no es un proyecto concebido contra alguien en especial, ni en contra de nadie, dijo el ministro Esguerra en el foro organizado por la Universidad Libre con el lema \u2018Por un debate responsable con el pa\u00eds\u2019.<\/p>\n<p>\u201cNinguno de los proyectos es una revancha del poder p\u00fablico contra otra rama\u201d, dijo, y con dos cifras mostr\u00f3 la situaci\u00f3n de congesti\u00f3n que afronta la justicia nacional:<\/p>\n<p><strong>1.-<\/strong> Dos millones y medio de procesos est\u00e1n pendientes de ser decididos por los jueces<\/p>\n<p><strong>2.- <\/strong>Diez a\u00f1os tarda un proceso ordinario para ser resuelto.<\/p>\n<p>El ministro Esguerra reconoci\u00f3 que es cierto que est\u00e1n enfrascados en el proyecto de reforma, porque \u201cuna justicia que llega 10 a\u00f1os tarde no est\u00e1 funcionando como Dios manda\u201d.<\/p>\n<p>En la defensa del proyecto que cursa en el Congreso asegur\u00f3 que \u201ca nadie (en el Gobierno) se le ha ocurrido que sea en contra de los magistrados\u201d. Sostuvo que si as\u00ed hubiera sido \u201cno me habr\u00eda prestado para eso\u201d.<\/p>\n<p>En el an\u00e1lisis del trabajo cumplido hasta el momento para lograr el objetivo propuesto, dijo que \u201cvamos buscando f\u00f3rmulas\u2026 El Congreso ha enriquecido el proyecto\u2026 No he visto \u00e1nimo malintencionado en el Congreso\u201d para dar los debates que se requieren.<\/p>\n<p>La iniciativa planteada pretende avanzar en la descongesti\u00f3n judicial con m\u00e1s jueces y mayores recursos, e introducir ajustes al constructo del aparato de la justicia.<\/p>\n<p>Explic\u00f3 que con el proyecto a la reforma de la justicia penal militar se busca un sistema en el que se definan los l\u00edmites de competencia y que los delitos de lesa humanidad est\u00e9n en manos de la justicia ordinaria.<\/p>\n<p>Juan Carlos Esguerra revel\u00f3 que su mayor sue\u00f1o es escribir el nuevo estatuto sobre la abogac\u00eda, que tendr\u00e1 dos cap\u00edtulos especiales:<\/p>\n<p><strong>1.-<\/strong> Ontolog\u00eda. Para explicar qu\u00e9 es ser abogado<\/p>\n<p><strong>2.-<\/strong> Deontolog\u00eda. Derechos y deberes de los abogados.<\/p>\n<p>Las razones por las que quiere producir el libro son porque \u201cun abogado debe merecer portar la tarjeta\u201d profesional.<\/p>\n<p><a href=\"http:\/\/contraluz.co\/wp-content\/uploads\/2012\/03\/FORO-UNIVERSIDAD-LIBRE-29-03-12-004.jpg\"><img loading=\"lazy\" decoding=\"async\" class=\"alignnone size-thumbnail wp-image-10852\" title=\"FORO UNIVERSIDAD LIBRE - 29 - 03 - 12 004\" src=\"http:\/\/contraluz.co\/wp-content\/uploads\/2012\/03\/FORO-UNIVERSIDAD-LIBRE-29-03-12-004-150x150.jpg\" alt=\"\" width=\"150\" height=\"150\" \/><\/a>\u00a0 <a href=\"http:\/\/contraluz.co\/wp-content\/uploads\/2012\/03\/FORO-UNIVERSIDAD-LIBRE-29-03-12-002.jpg\"><img loading=\"lazy\" decoding=\"async\" class=\"alignnone size-thumbnail wp-image-10853\" title=\"FORO UNIVERSIDAD LIBRE - 29 - 03 - 12 002\" src=\"http:\/\/contraluz.co\/wp-content\/uploads\/2012\/03\/FORO-UNIVERSIDAD-LIBRE-29-03-12-002-150x150.jpg\" alt=\"\" width=\"150\" height=\"150\" \/><\/a>\u00a0 <a href=\"http:\/\/contraluz.co\/wp-content\/uploads\/2012\/03\/FORO-UNIVERSIDAD-LIBRE-29-03-12-003.jpg\"><img loading=\"lazy\" decoding=\"async\" class=\"alignnone size-thumbnail wp-image-10854\" title=\"FORO UNIVERSIDAD LIBRE - 29 - 03 - 12 003\" src=\"http:\/\/contraluz.co\/wp-content\/uploads\/2012\/03\/FORO-UNIVERSIDAD-LIBRE-29-03-12-003-150x150.jpg\" alt=\"\" width=\"150\" height=\"150\" \/><\/a><\/p>\n<p><strong>RAFAEL ANTONIO PAB\u00d3N<\/strong><\/p>\n<p><a href=\"mailto:rafaelpabon58@hotmail.com\">rafaelpabon58@hotmail.com<\/a> <\/p>\n","protected":false},"excerpt":{"rendered":"<p>C\u00daCUTA.- El ministro de justicia Juan Carlos Esguerra es hijo de juez y la presentaci\u00f3n ante la sociedad colombiana, un 31 de diciembre, no dijo de qu\u00e9 a\u00f1o, la vivi\u00f3 en el Club Comercio de C\u00facuta. Desde entonces guarda especial recuerdo para con la capital de Norte de Santander. Aqu\u00ed tuvo novia y por poco &hellip;<\/p>\n","protected":false},"author":1,"featured_media":10851,"comment_status":"open","ping_status":"open","sticky":false,"template":"","format":"standard","meta":{"footnotes":""},"categories":[4,9],"tags":[253,254,255,252],"class_list":["post-10849","post","type-post","status-publish","format-standard","has-post-thumbnail","hentry","category-barra","category-politica","tag-juan-carlos-esguerra","tag-ministro-de-justicia","tag-reforma-a-la-justicia","tag-universidad-libre"],"_links":{"self":[{"href":"https:\/\/contraluzcucuta.co\/index.php?rest_route=\/wp\/v2\/posts\/10849","targetHints":{"allow":["GET"]}}],"collection":[{"href":"https:\/\/contraluzcucuta.co\/index.php?rest_route=\/wp\/v2\/posts"}],"about":[{"href":"https:\/\/contraluzcucuta.co\/index.php?rest_route=\/wp\/v2\/types\/post"}],"author":[{"embeddable":true,"href":"https:\/\/contraluzcucuta.co\/index.php?rest_route=\/wp\/v2\/users\/1"}],"replies":[{"embeddable":true,"href":"https:\/\/contraluzcucuta.co\/index.php?rest_route=%2Fwp%2Fv2%2Fcomments&post=10849"}],"version-history":[{"count":0,"href":"https:\/\/contraluzcucuta.co\/index.php?rest_route=\/wp\/v2\/posts\/10849\/revisions"}],"wp:attachment":[{"href":"https:\/\/contraluzcucuta.co\/index.php?rest_route=%2Fwp%2Fv2%2Fmedia&parent=10849"}],"wp:term":[{"taxonomy":"category","embeddable":true,"href":"https:\/\/contraluzcucuta.co\/index.php?rest_route=%2Fwp%2Fv2%2Fcategories&post=10849"},{"taxonomy":"post_tag","embeddable":true,"href":"https:\/\/contraluzcucuta.co\/index.php?rest_route=%2Fwp%2Fv2%2Ftags&post=10849"}],"curies":[{"name":"wp","href":"https:\/\/api.w.org\/{rel}","templated":true}]}}