{"id":10841,"date":"2012-03-29T16:27:06","date_gmt":"2012-03-29T21:27:06","guid":{"rendered":"http:\/\/contraluz.co\/?p=10841"},"modified":"2012-03-29T16:27:06","modified_gmt":"2012-03-29T21:27:06","slug":"los-actos-de-corrupcion-de-las-altas-cortes-quien-los-investiga","status":"publish","type":"post","link":"https:\/\/contraluzcucuta.co\/?p=10841","title":{"rendered":"\u00bfLos actos de corrupci\u00f3n de las altas cortes qui\u00e9n los investiga?"},"content":{"rendered":"<p><strong>C\u00daCUTA.-<\/strong> Un ataque fuerte contra la Corte Constitucional y la Corte Suprema de Justicia colombianas lanz\u00f3 el rector de la Universidad Libre, seccional C\u00facuta, Iv\u00e1n Vila Casado, al instalar el foro sobre la reforma a la administraci\u00f3n de la justicia \u2018Por un debate responsable en el pa\u00eds\u2019.<\/p>\n<p>\u201cLa corrupci\u00f3n ha llegado a grandes extremos\u201d en esas instancias, dijo, y pregunt\u00f3 que \u201c\u00bflos actos de corrupci\u00f3n de las altas cortes qui\u00e9n los investiga?\u201d.<\/p>\n<p>En la jornada acad\u00e9mica, que incluy\u00f3 un panel moderado por el senador liberal nortesantandereano Juan Fernando Cristo, participaron magistrados, jueces, abogados y profesores y alumnos de la Libre.<\/p>\n<p>Vila Casado dijo que los profesionales del derecho saben que s\u00ed se dan y no los revelan por la investidura de quienes los cometen. \u201cLa impunidad lleva a los magistrados a ser soberbios\u201d, afirm\u00f3 el rector.<\/p>\n<p>Los principales puestos de la mesa del foro estuvieron ocupados por el ministro de Justicia, Juan Carlos Esguerra; el rector nacional de la Libre, Nicol\u00e1s Zuleta Hincapi\u00e9; el gobernador de Norte de Santander, Edgar D\u00edaz, y el alcalde de C\u00facuta, Donamaris Ram\u00edrez.<\/p>\n<p>El problema suscitado en Colombia a ra\u00edz de la reforma planteada por el Gobierno \u201ces de poder pol\u00edtico\u201d, cuestionamiento que \u201cno lo puede decir un congresista\u201d, manifest\u00f3 Iv\u00e1n Vila. Adem\u00e1s del senador Cristo, en la sala estaba el representante a la C\u00e1mara, Alejandro Carlos Chac\u00f3n.<\/p>\n<p>El rector, en la disertaci\u00f3n de apertura, sostuvo que \u201cel poder de las cortes apabulla a los otros poderes\u201d, Legislativo y Ejecutivo, y agreg\u00f3 que las decisiones de las reformas propuestas a la Constituci\u00f3n son de car\u00e1cter pol\u00edtico, por lo que los altos tribunales no deber\u00edan interponerse.<\/p>\n<p>Calific\u00f3 como caso grave el atribuirse, por parte de los magistrados, la funci\u00f3n de revisar las determinaciones tomadas en el Congreso de la Rep\u00fablica, y dijo que \u201cel poder pol\u00edtico de las cortes es inmenso\u201d en este momento que vive el pa\u00eds.<\/p>\n<p>La Corte invadi\u00f3 el campo del constituyente, que es el Congreso, y cinco magistrados quieren quitarles las funciones a senadores y representantes. Entonces, \u201cpasaremos de un estado democr\u00e1tico a uno manejado por unos pocos magistrados\u201d, se\u00f1al\u00f3 el rector de la Universidad Libre, Iv\u00e1n Vila Casado.<\/p>\n<p>El acto principal se cumpli\u00f3 en el aula m\u00e1xima del centro de estudios superiores, con proyecci\u00f3n al teatro universitario para permitir la participaci\u00f3n del mayor n\u00famero de estudiantes. Tambi\u00e9n hubo alumnos de otras instituciones educativas cucute\u00f1as.<\/p>\n<p><a href=\"http:\/\/contraluz.co\/wp-content\/uploads\/2012\/03\/FORO-UNIVERSIDAD-LIBRE-29-03-12-005.jpg\"><img loading=\"lazy\" decoding=\"async\" class=\"alignnone size-thumbnail wp-image-10844\" title=\"FORO UNIVERSIDAD LIBRE - 29 - 03 - 12 005\" src=\"http:\/\/contraluz.co\/wp-content\/uploads\/2012\/03\/FORO-UNIVERSIDAD-LIBRE-29-03-12-005-150x150.jpg\" alt=\"\" width=\"150\" height=\"150\" \/><\/a>\u00a0 <a href=\"http:\/\/contraluz.co\/wp-content\/uploads\/2012\/03\/FORO-UNIVERSIDAD-LIBRE-29-03-12-001.jpg\"><img loading=\"lazy\" decoding=\"async\" class=\"alignnone size-thumbnail wp-image-10845\" title=\"FORO UNIVERSIDAD LIBRE - 29 - 03 - 12 001\" src=\"http:\/\/contraluz.co\/wp-content\/uploads\/2012\/03\/FORO-UNIVERSIDAD-LIBRE-29-03-12-001-150x150.jpg\" alt=\"\" width=\"150\" height=\"150\" \/><\/a>\u00a0 <a href=\"http:\/\/contraluz.co\/wp-content\/uploads\/2012\/03\/FORO-UNIVERSIDAD-LIBRE-29-03-12-013.jpg\"><img loading=\"lazy\" decoding=\"async\" class=\"alignnone size-thumbnail wp-image-10846\" title=\"FORO UNIVERSIDAD LIBRE - 29 - 03 - 12 013\" src=\"http:\/\/contraluz.co\/wp-content\/uploads\/2012\/03\/FORO-UNIVERSIDAD-LIBRE-29-03-12-013-150x150.jpg\" alt=\"\" width=\"150\" height=\"150\" \/><\/a><\/p>\n<p><strong>RAFAEL ANTONIO PAB\u00d3N<\/strong><\/p>\n<p><a href=\"mailto:rafaelpabon58@hotmail.com\">rafaelpabon58@hotmail.com<\/a> <\/p>\n","protected":false},"excerpt":{"rendered":"<p>C\u00daCUTA.- Un ataque fuerte contra la Corte Constitucional y la Corte Suprema de Justicia colombianas lanz\u00f3 el rector de la Universidad Libre, seccional C\u00facuta, Iv\u00e1n Vila Casado, al instalar el foro sobre la reforma a la administraci\u00f3n de la justicia \u2018Por un debate responsable en el pa\u00eds\u2019. \u201cLa corrupci\u00f3n ha llegado a grandes extremos\u201d en &hellip;<\/p>\n","protected":false},"author":1,"featured_media":10843,"comment_status":"open","ping_status":"open","sticky":false,"template":"","format":"standard","meta":{"footnotes":""},"categories":[4,9],"tags":[251,252],"class_list":["post-10841","post","type-post","status-publish","format-standard","has-post-thumbnail","hentry","category-barra","category-politica","tag-ivan-vila-casado","tag-universidad-libre"],"_links":{"self":[{"href":"https:\/\/contraluzcucuta.co\/index.php?rest_route=\/wp\/v2\/posts\/10841","targetHints":{"allow":["GET"]}}],"collection":[{"href":"https:\/\/contraluzcucuta.co\/index.php?rest_route=\/wp\/v2\/posts"}],"about":[{"href":"https:\/\/contraluzcucuta.co\/index.php?rest_route=\/wp\/v2\/types\/post"}],"author":[{"embeddable":true,"href":"https:\/\/contraluzcucuta.co\/index.php?rest_route=\/wp\/v2\/users\/1"}],"replies":[{"embeddable":true,"href":"https:\/\/contraluzcucuta.co\/index.php?rest_route=%2Fwp%2Fv2%2Fcomments&post=10841"}],"version-history":[{"count":0,"href":"https:\/\/contraluzcucuta.co\/index.php?rest_route=\/wp\/v2\/posts\/10841\/revisions"}],"wp:attachment":[{"href":"https:\/\/contraluzcucuta.co\/index.php?rest_route=%2Fwp%2Fv2%2Fmedia&parent=10841"}],"wp:term":[{"taxonomy":"category","embeddable":true,"href":"https:\/\/contraluzcucuta.co\/index.php?rest_route=%2Fwp%2Fv2%2Fcategories&post=10841"},{"taxonomy":"post_tag","embeddable":true,"href":"https:\/\/contraluzcucuta.co\/index.php?rest_route=%2Fwp%2Fv2%2Ftags&post=10841"}],"curies":[{"name":"wp","href":"https:\/\/api.w.org\/{rel}","templated":true}]}}