{"id":10813,"date":"2012-03-28T17:28:09","date_gmt":"2012-03-28T22:28:09","guid":{"rendered":"http:\/\/contraluz.co\/?p=10813"},"modified":"2012-03-28T17:28:09","modified_gmt":"2012-03-28T22:28:09","slug":"campesinos-de-el-catatumbo-constituiran-zona-de-reserva","status":"publish","type":"post","link":"https:\/\/contraluzcucuta.co\/?p=10813","title":{"rendered":"Campesinos de El Catatumbo constituir\u00e1n zona de reserva"},"content":{"rendered":"<p><strong>C\u00daCUTA.-<\/strong> Campesinos de El Catatumbo, en audiencia p\u00fablica, constituir\u00e1n la Zona Reserva Campesina y presentar\u00e1n el Plan de Desarrollo Sostenible en el que plantean problemas y necesidades como proyectos de vida. El acto se llevar\u00e1 a cabo en el polideportivo de El Tarra, el 30 de marzo, a las 8:00 de la ma\u00f1ana.<\/p>\n<p>El proyecto se consolida luego de un a\u00f1o de avance del proceso de reactivaci\u00f3n y consolidaci\u00f3n de las zonas en Colombia. En Norte de Santander, el Incoder lidera el trabajo, desde el 2011, como parte de la pol\u00edtica de desarrollo rural.<\/p>\n<p>El Plan de Desarrollo Sostenible ser\u00e1 expuesto ante la comunidad y las instituciones locales, y condensa las inquietudes y las formulaciones de los campesinos.<\/p>\n<p>El documento surgi\u00f3 de talleres, encuentros y consultas adelantadas por las comunidades en los escenarios rurales. Contaron con la colaboraci\u00f3n de equipos t\u00e9cnicos financiados por Incoder. La aspiraci\u00f3n es que los planes y los proyectos acordados sean ejecutados en los pr\u00f3ximos cinco a\u00f1os.<\/p>\n<p>El Plan en la parte diagn\u00f3stica arroj\u00f3 todo tipo de requerimientos. Seleccion\u00f3 proyectos de saneamiento b\u00e1sico, acueducto, alcantarillado, vivienda, salud, educaci\u00f3n, cultura, deporte, recreaci\u00f3n, medio ambiente y productividad.<\/p>\n<p>Enfatiza en el respeto por los derechos humanos y la preservaci\u00f3n de la vida humana como uno de los requerimientos de mayor clamor en la b\u00fasqueda del mejoramiento de las condiciones de vida de los habitantes de la Zona de Reserva Campesina de El Catatumbo.<\/p>\n<p>Las propuestas se resumen en:<\/p>\n<p><strong>1.-<\/strong> Proyecto de legalizaci\u00f3n de tenencia de la tierra<\/p>\n<p><strong>2.-<\/strong> En infraestructura, la construcci\u00f3n de un tramo de anillo vial<\/p>\n<p><strong>3.-<\/strong> Acueductos para los corregimientos San Jos\u00e9 del Tarra (Hacari), La Trinidad (Convenci\u00f3n) y La Campana (El\u00a0 Tarra)<\/p>\n<p><strong>4.-<\/strong> Mejoramiento de 200 unidades de vivienda<\/p>\n<p><strong>5.-<\/strong> Red hospitalaria nivel 1, de Convenci\u00f3n, El Tarra y La Gabarra<\/p>\n<p><strong>6.-<\/strong> En agricultura, parte de los proyectos del programa agr\u00edcola para el Catatumbo<\/p>\n<p><strong>7.-<\/strong> Incentivo para la plantaci\u00f3n en determinada cantidad de hect\u00e1reas de cacao, fr\u00edjol, ca\u00f1a panelera, caf\u00e9 y pl\u00e1tano<\/p>\n<p><strong>8.-<\/strong> En ganader\u00eda bovina doble prop\u00f3sito, sistema de producci\u00f3n de b\u00fafalos y piscicultura<\/p>\n<p><strong>9.-<\/strong> Programa industrial, apuesta para la construcci\u00f3n de la planta procesadora de cacao.<\/p>\n<p>El tr\u00e1mite para la constituci\u00f3n de la ZRC de El Catatumbo surgi\u00f3, en el 2012, de varias solicitudes de Ascamcat, en representaci\u00f3n de colonos, organizaciones campesinas, juntas de acci\u00f3n comunal y comunidades de las veredas de El Tarra, San Calixto, Hacar\u00ed, Convenci\u00f3n, El Carmen, Tib\u00fa y Oca\u00f1a.<\/p>\n<p>El Incoder, mediante la Resoluci\u00f3n 2060 del 11 de agosto de 2011, dio comienzo al tr\u00e1mite administrativo para seleccionar, delimitar y constituir una Zona en la regi\u00f3n, delimitada en una extensi\u00f3n de 365.865 hect\u00e1reas, comprendidas en 339 veredas. Para contribuir al proceso de reactivaci\u00f3n el instituto aport\u00f3 $350 millones.<\/p>\n<p>La regi\u00f3n de El Catatumbo ha sido escenario de permanente conflicto, matizado por diversas acciones que ha provocado el desplazamiento forzado.<\/p>\n<p>El acto de este viernes ser\u00e1 encabezado por la subgerenta de tierras rurales del Incoder, Jhenifer Mar\u00eda M\u00f3jica Fl\u00f3rez, y el director territorial Norte de Santander, Germ\u00e1n G\u00f3mez Garc\u00eda. <\/p>\n","protected":false},"excerpt":{"rendered":"<p>C\u00daCUTA.- Campesinos de El Catatumbo, en audiencia p\u00fablica, constituir\u00e1n la Zona Reserva Campesina y presentar\u00e1n el Plan de Desarrollo Sostenible en el que plantean problemas y necesidades como proyectos de vida. El acto se llevar\u00e1 a cabo en el polideportivo de El Tarra, el 30 de marzo, a las 8:00 de la ma\u00f1ana. El proyecto &hellip;<\/p>\n","protected":false},"author":1,"featured_media":10815,"comment_status":"open","ping_status":"open","sticky":false,"template":"","format":"standard","meta":{"footnotes":""},"categories":[7,4],"tags":[246],"class_list":["post-10813","post","type-post","status-publish","format-standard","has-post-thumbnail","hentry","category-acontecimientos","category-barra","tag-el-catatumbo"],"_links":{"self":[{"href":"https:\/\/contraluzcucuta.co\/index.php?rest_route=\/wp\/v2\/posts\/10813","targetHints":{"allow":["GET"]}}],"collection":[{"href":"https:\/\/contraluzcucuta.co\/index.php?rest_route=\/wp\/v2\/posts"}],"about":[{"href":"https:\/\/contraluzcucuta.co\/index.php?rest_route=\/wp\/v2\/types\/post"}],"author":[{"embeddable":true,"href":"https:\/\/contraluzcucuta.co\/index.php?rest_route=\/wp\/v2\/users\/1"}],"replies":[{"embeddable":true,"href":"https:\/\/contraluzcucuta.co\/index.php?rest_route=%2Fwp%2Fv2%2Fcomments&post=10813"}],"version-history":[{"count":0,"href":"https:\/\/contraluzcucuta.co\/index.php?rest_route=\/wp\/v2\/posts\/10813\/revisions"}],"wp:attachment":[{"href":"https:\/\/contraluzcucuta.co\/index.php?rest_route=%2Fwp%2Fv2%2Fmedia&parent=10813"}],"wp:term":[{"taxonomy":"category","embeddable":true,"href":"https:\/\/contraluzcucuta.co\/index.php?rest_route=%2Fwp%2Fv2%2Fcategories&post=10813"},{"taxonomy":"post_tag","embeddable":true,"href":"https:\/\/contraluzcucuta.co\/index.php?rest_route=%2Fwp%2Fv2%2Ftags&post=10813"}],"curies":[{"name":"wp","href":"https:\/\/api.w.org\/{rel}","templated":true}]}}