{"id":10802,"date":"2012-03-28T06:29:10","date_gmt":"2012-03-28T11:29:10","guid":{"rendered":"http:\/\/contraluz.co\/?p=10802"},"modified":"2012-03-28T06:29:10","modified_gmt":"2012-03-28T11:29:10","slug":"el-carmen-recibio-atencion-militar","status":"publish","type":"post","link":"https:\/\/contraluzcucuta.co\/?p=10802","title":{"rendered":"El Carmen recibi\u00f3 atenci\u00f3n militar"},"content":{"rendered":"<p><strong>EL CARMEN.-<\/strong> Mil doscientos habitantes de El\u00a0 Carmen, en la provincia de Oca\u00f1a, se beneficiaron con la jornada de apoyo al desarrollo adelantada por el Batall\u00f3n Especial Energ\u00e9tico y Vial 10, \u2018Coronel Jos\u00e9 Mar\u00eda Concha\u2019. El encuentro de la comunidad con el Ej\u00e9rcito se efectu\u00f3 en la plaza principal del municipio.<\/p>\n<p>Los carmelitanos, pertenecientes a la extensa zona de El Catatumbo, atendieron la invitaci\u00f3n del Ej\u00e9rcito,\u00a0 que organizo las ayudas para brindarles\u00a0 atenci\u00f3n a j\u00f3venes y adultos en medicina general, odontolog\u00eda y psicolog\u00eda.<\/p>\n<p>Los profesionales se desplazaron hasta el municipio para vincularse a la actividad. La atenci\u00f3n se extendi\u00f3 a los servicios de peluquer\u00eda, sastrer\u00eda y zapater\u00eda.<\/p>\n<p>El escenario de la jornada estuvo adornado con la presencia de \u00a0ni\u00f1os, que se divirtieron al comp\u00e1s de la m\u00fasica y con los juegos recreativos dirigidos por los soldados.<\/p>\n<p>La Trig\u00e9sima Brigada reiter\u00f3 el compromiso con los nortesantandereanos, m\u00e1s all\u00e1 de la seguridad fortalecida con el bienestar de la poblaci\u00f3n.<\/p>\n<p>&nbsp; <\/p>\n","protected":false},"excerpt":{"rendered":"<p>EL CARMEN.- Mil doscientos habitantes de El\u00a0 Carmen, en la provincia de Oca\u00f1a, se beneficiaron con la jornada de apoyo al desarrollo adelantada por el Batall\u00f3n Especial Energ\u00e9tico y Vial 10, \u2018Coronel Jos\u00e9 Mar\u00eda Concha\u2019. El encuentro de la comunidad con el Ej\u00e9rcito se efectu\u00f3 en la plaza principal del municipio. Los carmelitanos, pertenecientes a &hellip;<\/p>\n","protected":false},"author":1,"featured_media":10804,"comment_status":"open","ping_status":"open","sticky":false,"template":"","format":"standard","meta":{"footnotes":""},"categories":[32],"tags":[],"class_list":["post-10802","post","type-post","status-publish","format-standard","has-post-thumbnail","hentry","category-recorrido-por-la-region"],"_links":{"self":[{"href":"https:\/\/contraluzcucuta.co\/index.php?rest_route=\/wp\/v2\/posts\/10802","targetHints":{"allow":["GET"]}}],"collection":[{"href":"https:\/\/contraluzcucuta.co\/index.php?rest_route=\/wp\/v2\/posts"}],"about":[{"href":"https:\/\/contraluzcucuta.co\/index.php?rest_route=\/wp\/v2\/types\/post"}],"author":[{"embeddable":true,"href":"https:\/\/contraluzcucuta.co\/index.php?rest_route=\/wp\/v2\/users\/1"}],"replies":[{"embeddable":true,"href":"https:\/\/contraluzcucuta.co\/index.php?rest_route=%2Fwp%2Fv2%2Fcomments&post=10802"}],"version-history":[{"count":0,"href":"https:\/\/contraluzcucuta.co\/index.php?rest_route=\/wp\/v2\/posts\/10802\/revisions"}],"wp:attachment":[{"href":"https:\/\/contraluzcucuta.co\/index.php?rest_route=%2Fwp%2Fv2%2Fmedia&parent=10802"}],"wp:term":[{"taxonomy":"category","embeddable":true,"href":"https:\/\/contraluzcucuta.co\/index.php?rest_route=%2Fwp%2Fv2%2Fcategories&post=10802"},{"taxonomy":"post_tag","embeddable":true,"href":"https:\/\/contraluzcucuta.co\/index.php?rest_route=%2Fwp%2Fv2%2Ftags&post=10802"}],"curies":[{"name":"wp","href":"https:\/\/api.w.org\/{rel}","templated":true}]}}