{"id":10747,"date":"2012-03-26T23:28:41","date_gmt":"2012-03-27T04:28:41","guid":{"rendered":"http:\/\/contraluz.co\/?p=10747"},"modified":"2012-03-26T23:28:41","modified_gmt":"2012-03-27T04:28:41","slug":"canyfron-busca-a-patriarcas-regionales","status":"publish","type":"post","link":"https:\/\/contraluzcucuta.co\/?p=10747","title":{"rendered":"Canyfron busca a patriarcas regionales"},"content":{"rendered":"<p><strong>C\u00daCUTA.-<\/strong> La Corporaci\u00f3n Acci\u00f3n Nortesantandereana y Fronteriza (Canyfron) propuso la b\u00fasqueda de los patriarcas de Norte de Santander y para alcanzar el objetivo recurri\u00f3 a la convocatoria p\u00fablica para quienes consideren que por edad, experiencia, vinculaci\u00f3n, afectos, servicios a la comunidad, esp\u00edritu emprendedor y vocaci\u00f3n de asistencia merezcan ese t\u00edtulo honor\u00edfico.<\/p>\n<p>Jos\u00e9 Neira, presidente de la entidad, dijo que la idea se plantea porque est\u00e1n convencidos\u00a0 de la presencia viva y actuante, en todas las capas de la sociedad, de una crisis de liderazgo que afecta y deteriora cada d\u00eda la estructura funcional y operativa de la regi\u00f3n y de la frontera.<\/p>\n<p>Tambi\u00e9n, se\u00f1al\u00f3, los anima la carencia ilustrativa que aglutine, proyecte\u00a0 y fortalezca la asociaci\u00f3n y la labor mancomunada, como lo exige la compleja y dif\u00edcil realidad existente en el departamento.<\/p>\n<p>\u201cReconociendo el significado y alcance de lo que sintetiza y representa el t\u00e9rmino patriarca, lo que anhelamos es escuchar los planteamientos -que no dudamos quisieran exponer &#8211; todos aquellos\u00a0 que por su trayectoria y acciones,\u00a0 han sido \u2013 y son &#8211; parte b\u00e1sica e integral de nuestra sociedad\u201d, afirm\u00f3.<\/p>\n<p>Explic\u00f3 que en la regi\u00f3n nada se advierte sobre lo que se debe hacer y c\u00f3mo lograrlo en mejoramiento infraestructural y de servicios, capacitaci\u00f3n y apuntalamiento \u00a0educativo, atenci\u00f3n en la salud, creaci\u00f3n de fuentes de trabajo y conectividad, y uni\u00f3n de empe\u00f1os trasformadores en lo p\u00fablico y en lo privado.<\/p>\n<p>Los\u00a0 hombres y mujeres propuestos participar\u00e1n en el encuentro de patriarcas, o de los mejores exponentes y dignos voceros de la colectividad, para que expresen lo que sienten y manifiesten lo que debiera hacerse ante el reto que experimenta Norte de Santander y que requiere respuestas, presencia y participaci\u00f3n trasformadora\u00a0 y general.<\/p>\n<p>\u201cLa consulta a los ancianos y a los experimentados y conocedores de la\u00a0 vida y conducta regional es un eslab\u00f3n que requiere ser conocido y tenido en cuenta\u201d, dijo Neira.<\/p>\n<p>Cuando se acumulen 20 o m\u00e1s\u00a0 seleccionados la corporaci\u00f3n indicar\u00e1 lugar, fecha y hora del encuentro con los patriarcas. En la selecci\u00f3n interesar\u00e1n la autenticidad, el deseo y el \u00e1nimo de servir,\u00a0 y el genuino sentir de la colectividad.<\/p>\n<p>&nbsp; <\/p>\n","protected":false},"excerpt":{"rendered":"<p>C\u00daCUTA.- La Corporaci\u00f3n Acci\u00f3n Nortesantandereana y Fronteriza (Canyfron) propuso la b\u00fasqueda de los patriarcas de Norte de Santander y para alcanzar el objetivo recurri\u00f3 a la convocatoria p\u00fablica para quienes consideren que por edad, experiencia, vinculaci\u00f3n, afectos, servicios a la comunidad, esp\u00edritu emprendedor y vocaci\u00f3n de asistencia merezcan ese t\u00edtulo honor\u00edfico. Jos\u00e9 Neira, presidente de &hellip;<\/p>\n","protected":false},"author":1,"featured_media":10752,"comment_status":"open","ping_status":"open","sticky":false,"template":"","format":"standard","meta":{"footnotes":""},"categories":[4,168],"tags":[],"class_list":["post-10747","post","type-post","status-publish","format-standard","has-post-thumbnail","hentry","category-barra","category-los-que-estan-afuera"],"_links":{"self":[{"href":"https:\/\/contraluzcucuta.co\/index.php?rest_route=\/wp\/v2\/posts\/10747","targetHints":{"allow":["GET"]}}],"collection":[{"href":"https:\/\/contraluzcucuta.co\/index.php?rest_route=\/wp\/v2\/posts"}],"about":[{"href":"https:\/\/contraluzcucuta.co\/index.php?rest_route=\/wp\/v2\/types\/post"}],"author":[{"embeddable":true,"href":"https:\/\/contraluzcucuta.co\/index.php?rest_route=\/wp\/v2\/users\/1"}],"replies":[{"embeddable":true,"href":"https:\/\/contraluzcucuta.co\/index.php?rest_route=%2Fwp%2Fv2%2Fcomments&post=10747"}],"version-history":[{"count":0,"href":"https:\/\/contraluzcucuta.co\/index.php?rest_route=\/wp\/v2\/posts\/10747\/revisions"}],"wp:attachment":[{"href":"https:\/\/contraluzcucuta.co\/index.php?rest_route=%2Fwp%2Fv2%2Fmedia&parent=10747"}],"wp:term":[{"taxonomy":"category","embeddable":true,"href":"https:\/\/contraluzcucuta.co\/index.php?rest_route=%2Fwp%2Fv2%2Fcategories&post=10747"},{"taxonomy":"post_tag","embeddable":true,"href":"https:\/\/contraluzcucuta.co\/index.php?rest_route=%2Fwp%2Fv2%2Ftags&post=10747"}],"curies":[{"name":"wp","href":"https:\/\/api.w.org\/{rel}","templated":true}]}}