{"id":10741,"date":"2012-03-26T23:20:46","date_gmt":"2012-03-27T04:20:46","guid":{"rendered":"http:\/\/contraluz.co\/?p=10741"},"modified":"2012-03-26T23:20:46","modified_gmt":"2012-03-27T04:20:46","slug":"red-departamental-de-salud-garantiza-atencion-a-desplazados","status":"publish","type":"post","link":"https:\/\/contraluzcucuta.co\/?p=10741","title":{"rendered":"Red Departamental de Salud garantiza atenci\u00f3n a desplazados"},"content":{"rendered":"<p><strong>C\u00daCUTA.-<\/strong> La atenci\u00f3n a madres gestantes y lactantes, primera infancia, adultos mayores, poblaci\u00f3n discapacitada y desplazada por la violencia ser\u00e1 garantizada en un mediano plazo con apoyo de la red departamental de salud.<\/p>\n<p>Las instituciones del sector tendr\u00e1n la tarea de informar cuando identifiquen la poblaci\u00f3n desvinculada del sistema (r\u00e9gimen contributivo y subsidiado) para alcanzar una cobertura general.<\/p>\n<p>As\u00ed qued\u00f3 establecido en la tercera jornada de socializaci\u00f3n de los programas y proyectos que ser\u00e1n incluidos en el Plan de Desarrollo Departamental. En las actividades se presentaron las prioridades para Norte de Santander en esta materia:<\/p>\n<p><strong>1.-<\/strong> Garantizar universalidad de cobertura<\/p>\n<p><strong>2.-<\/strong> Optimizar esquemas de vigilancia epidemiol\u00f3gica<\/p>\n<p><strong>3.-<\/strong> Fortalecer los programas de promoci\u00f3n y prevenci\u00f3n<\/p>\n<p><strong>4.- <\/strong>Aumentar la presencia institucional<\/p>\n<p><strong>5.-<\/strong> Articular acciones.<\/p>\n<p>El director del Instituto Departamental de Salud, Javier Prieto, present\u00f3 el diagn\u00f3stico detallado de la salud y destac\u00f3 la necesidad de garantizar la atenci\u00f3n a la poblaci\u00f3n vulnerable.<\/p>\n<p>Delegados del Consejo Territorial de Planeaci\u00f3n, las secretar\u00edas de Planeaci\u00f3n, Mujer y Educaci\u00f3n, y la Alta consejer\u00eda para la poblaci\u00f3n en situaci\u00f3n de discapacidad participaron en el ejercicio de retroalimentaci\u00f3n y analizaron las pol\u00edticas p\u00fablicas de promoci\u00f3n y prevenci\u00f3n previstas por la entidad.<\/p>\n<p>Jos\u00e9 Miguel Gonz\u00e1lez, Presidente del Consejo Territorial de Planeaci\u00f3n destac\u00f3 la claridad de la informaci\u00f3n. \u201cVeo que la priorizaci\u00f3n de los proyectos ha sido elaborada pensando en la situaci\u00f3n real de cada municipio y se han tenido en cuenta a las comunidades\u201d.<\/p>\n<p>Dijo que se debe prestar atenci\u00f3n especial a la inspecci\u00f3n de vigilancia y a la calidad del servicio. \u201cPor eso estamos dispuestos a trabajar en conjunto por la salud del departamento\u201d<\/p>\n<p>El fortalecimiento de los sistemas de vigilancia epidemiol\u00f3gica que permitir\u00e1 que el departamento se mantenga sin brotes de dengue y los esquemas de inspecci\u00f3n en zonas de tr\u00e1nsito fronterizo llamaron la atenci\u00f3n de los participantes.<\/p>\n<p>Secretarios de despacho y directores de institutos descentralizados trabajar\u00e1n en conjunto para dar respuesta a las necesidades manifestadas por las comunidades.\u00a0<\/p>\n<p>Javier Prieto anunci\u00f3 que se aunar\u00e1n esfuerzos para que desde la educaci\u00f3n, la cultura, el deporte y la salud se responda a la atenci\u00f3n en\u00a0 zonas rurales y urbanas.<\/p>\n<p>En la jornada se confirm\u00f3 el plan de vacunaci\u00f3n a ni\u00f1os de 10 a\u00f1os contra el virus del papiloma humano, como principal medida preventiva en el mediano plazo.<\/p>\n<p>La pol\u00edtica departamental C\u00e1tedra de Salud P\u00fablica ser\u00e1 fundamental en la articulaci\u00f3n con el sector educaci\u00f3n para buscar el desarrollo de estilos de vida saludable en ni\u00f1os vinculados a instituciones educativas oficiales de 39 municipios.<\/p>\n<p>&nbsp; <\/p>\n","protected":false},"excerpt":{"rendered":"<p>C\u00daCUTA.- La atenci\u00f3n a madres gestantes y lactantes, primera infancia, adultos mayores, poblaci\u00f3n discapacitada y desplazada por la violencia ser\u00e1 garantizada en un mediano plazo con apoyo de la red departamental de salud. Las instituciones del sector tendr\u00e1n la tarea de informar cuando identifiquen la poblaci\u00f3n desvinculada del sistema (r\u00e9gimen contributivo y subsidiado) para alcanzar &hellip;<\/p>\n","protected":false},"author":1,"featured_media":10742,"comment_status":"open","ping_status":"open","sticky":false,"template":"","format":"standard","meta":{"footnotes":""},"categories":[6],"tags":[],"class_list":["post-10741","post","type-post","status-publish","format-standard","has-post-thumbnail","hentry","category-ojo-avizor"],"_links":{"self":[{"href":"https:\/\/contraluzcucuta.co\/index.php?rest_route=\/wp\/v2\/posts\/10741","targetHints":{"allow":["GET"]}}],"collection":[{"href":"https:\/\/contraluzcucuta.co\/index.php?rest_route=\/wp\/v2\/posts"}],"about":[{"href":"https:\/\/contraluzcucuta.co\/index.php?rest_route=\/wp\/v2\/types\/post"}],"author":[{"embeddable":true,"href":"https:\/\/contraluzcucuta.co\/index.php?rest_route=\/wp\/v2\/users\/1"}],"replies":[{"embeddable":true,"href":"https:\/\/contraluzcucuta.co\/index.php?rest_route=%2Fwp%2Fv2%2Fcomments&post=10741"}],"version-history":[{"count":0,"href":"https:\/\/contraluzcucuta.co\/index.php?rest_route=\/wp\/v2\/posts\/10741\/revisions"}],"wp:attachment":[{"href":"https:\/\/contraluzcucuta.co\/index.php?rest_route=%2Fwp%2Fv2%2Fmedia&parent=10741"}],"wp:term":[{"taxonomy":"category","embeddable":true,"href":"https:\/\/contraluzcucuta.co\/index.php?rest_route=%2Fwp%2Fv2%2Fcategories&post=10741"},{"taxonomy":"post_tag","embeddable":true,"href":"https:\/\/contraluzcucuta.co\/index.php?rest_route=%2Fwp%2Fv2%2Ftags&post=10741"}],"curies":[{"name":"wp","href":"https:\/\/api.w.org\/{rel}","templated":true}]}}