{"id":10736,"date":"2012-03-26T23:14:17","date_gmt":"2012-03-27T04:14:17","guid":{"rendered":"http:\/\/contraluz.co\/?p=10736"},"modified":"2012-03-26T23:14:17","modified_gmt":"2012-03-27T04:14:17","slug":"tuberculosis-causa-alarma-en-norte-de-santander","status":"publish","type":"post","link":"https:\/\/contraluzcucuta.co\/?p=10736","title":{"rendered":"Tuberculosis causa alarma en Norte de Santander"},"content":{"rendered":"<p><strong>C\u00daCUTA.-<\/strong> Cuarentaid\u00f3s casos de tuberculosis ocurren en Norte de Santander por cada 100.000 habitantes. Los municipios con mayores \u00edndices son C\u00facuta, Los Patios, Villa del Rosario y Oca\u00f1a.<\/p>\n<p>El D\u00eda Mundial de la Tuberculosis, celebrado el 24 de marzo, se estim\u00f3 como punto de partida para comenzar actividades de reconocimiento como enfermedad grave que puede llevar a la muerte al paciente por falta de tratamiento adecuado, y que puede conducir a que los bacilos se vuelvan multidrogoresistenes.<\/p>\n<p>La campa\u00f1a masiva dirigida a ni\u00f1os, hombres y mujeres para frenar la enfermedad en Norte de Santander est\u00e1 a cargo del Instituto Departamental de Salud, y atender\u00e1 directrices nacionales para vincular a alcald\u00edas, IPS y EPS.<\/p>\n<p>El lema de la jornada es \u2018Terminemos con la tuberculosis durante nuestra generaci\u00f3n\u2019. El objetivo es despertar conciencia entre las comunidades para que toda persona que presente tos, fiebre y sudoraci\u00f3n nocturna, por m\u00e1s de 15 d\u00edas, y est\u00e9 en contacto con pacientes que hayan sufrido la enfermedad, consulte al m\u00e9dico para recibir tratamiento oportuno.<\/p>\n<p>En la semana de intensificaci\u00f3n de b\u00fasqueda y la entrega de material educativo en pro de la campa\u00f1a en entidades de salud de la red p\u00fablica y privada servir\u00e1n reducir la incidencia de casos.<\/p>\n<p>El instituto acompa\u00f1ar\u00e1 la creaci\u00f3n de la Asociaci\u00f3n de Pacientes de Tuberculosis o la activaci\u00f3n de la Liga Antituberculosa, con el fin de trabajar de la mano con los enfermos para el mejoramiento de la calidad de vida y el emprendimiento de acciones de identificaci\u00f3n de quienes presenten s\u00edntomas.<\/p>\n<p>&nbsp;<\/p>\n<p>&nbsp; <\/p>\n","protected":false},"excerpt":{"rendered":"<p>C\u00daCUTA.- Cuarentaid\u00f3s casos de tuberculosis ocurren en Norte de Santander por cada 100.000 habitantes. Los municipios con mayores \u00edndices son C\u00facuta, Los Patios, Villa del Rosario y Oca\u00f1a. El D\u00eda Mundial de la Tuberculosis, celebrado el 24 de marzo, se estim\u00f3 como punto de partida para comenzar actividades de reconocimiento como enfermedad grave que puede &hellip;<\/p>\n","protected":false},"author":1,"featured_media":10737,"comment_status":"open","ping_status":"open","sticky":false,"template":"","format":"standard","meta":{"footnotes":""},"categories":[32],"tags":[],"class_list":["post-10736","post","type-post","status-publish","format-standard","has-post-thumbnail","hentry","category-recorrido-por-la-region"],"_links":{"self":[{"href":"https:\/\/contraluzcucuta.co\/index.php?rest_route=\/wp\/v2\/posts\/10736","targetHints":{"allow":["GET"]}}],"collection":[{"href":"https:\/\/contraluzcucuta.co\/index.php?rest_route=\/wp\/v2\/posts"}],"about":[{"href":"https:\/\/contraluzcucuta.co\/index.php?rest_route=\/wp\/v2\/types\/post"}],"author":[{"embeddable":true,"href":"https:\/\/contraluzcucuta.co\/index.php?rest_route=\/wp\/v2\/users\/1"}],"replies":[{"embeddable":true,"href":"https:\/\/contraluzcucuta.co\/index.php?rest_route=%2Fwp%2Fv2%2Fcomments&post=10736"}],"version-history":[{"count":0,"href":"https:\/\/contraluzcucuta.co\/index.php?rest_route=\/wp\/v2\/posts\/10736\/revisions"}],"wp:attachment":[{"href":"https:\/\/contraluzcucuta.co\/index.php?rest_route=%2Fwp%2Fv2%2Fmedia&parent=10736"}],"wp:term":[{"taxonomy":"category","embeddable":true,"href":"https:\/\/contraluzcucuta.co\/index.php?rest_route=%2Fwp%2Fv2%2Fcategories&post=10736"},{"taxonomy":"post_tag","embeddable":true,"href":"https:\/\/contraluzcucuta.co\/index.php?rest_route=%2Fwp%2Fv2%2Ftags&post=10736"}],"curies":[{"name":"wp","href":"https:\/\/api.w.org\/{rel}","templated":true}]}}