{"id":10724,"date":"2012-03-26T22:36:56","date_gmt":"2012-03-27T03:36:56","guid":{"rendered":"http:\/\/contraluz.co\/?p=10724"},"modified":"2012-03-26T22:36:56","modified_gmt":"2012-03-27T03:36:56","slug":"cinco-dias-de-fiesta-teatral-en-cucuta","status":"publish","type":"post","link":"https:\/\/contraluzcucuta.co\/?p=10724","title":{"rendered":"Cinco d\u00edas de fiesta teatral en C\u00facuta"},"content":{"rendered":"<p><strong>C\u00daCUTA.-<\/strong> Veinte grupos participar\u00e1n en cinco d\u00edas de teatro en C\u00facuta y las obras se presentar\u00e1n en 11 escenarios. La fiesta comienza este martes, con el desfile entre la biblioteca p\u00fablica y la Plaza de Banderas, a las 3:30 de la tarde.<\/p>\n<p>La actividad se cumple en desarrollo del D\u00eda Internacional del Teatro y servir\u00e1 como homenaje p\u00f3stumo al maestro Ciro Villamizar. Los artistas provienen de Bucaramanga (1), Oca\u00f1a (2), El Zulia (2), Pamplona, Villa del Rosario (1) y Los Patios (1), y Ure\u00f1a (1), por Venezuela.<\/p>\n<p>C\u00facuta estar\u00e1 representada por grupos de las universidades Francisco de Paula Santander, Sim\u00f3n Bol\u00edvar, Fesc y Pamplona.<\/p>\n<p>Las presentaciones ser\u00e1n en los teatros Zulima, Cote Lamus, Arlequ\u00edn y la Victoria; la biblioteca p\u00fablica Julio P\u00e9rez Ferrero; el Ciaf, la Casa de la Juventud y el Coliseo del barrio Claret, en la ciudadela Juan Atalaya; el Sena, Unicentro y el Templo Hist\u00f3rico.<\/p>\n<p>La parte art\u00edstica estar\u00e1 complementada con la acad\u00e9mica. Se ofrecer\u00e1n 19 talleres para gente ajena al teatro, pero que quiera enamorarse de esta manifestaci\u00f3n. Se ense\u00f1ar\u00e1 acerca del manejo del espacio, la actuaci\u00f3n y el vestuario, entre otros aspectos.<\/p>\n<p>Hace dos a\u00f1os comenz\u00f3 la celebraci\u00f3n en la capital del departamento. En dos d\u00edas se programaban dos actividades. En el 2011, se alarg\u00f3 a tres jornadas. En el 2012, se organiz\u00f3 para darles est\u00edmulos a los artistas por la falta de festivales locales y participar en nacionales o internacionales es costoso.<\/p>\n<p>Nancy Garc\u00eda, Consejera Municipal de Teatro, explic\u00f3 que en esta versi\u00f3n habr\u00e1 t\u00edteres, teatro callejero y de sala, y narraci\u00f3n oral. \u201cNo tenemos un peso, pero los artistas est\u00e1n donando sus productos\u201d. La Alcald\u00eda, la Secretar\u00eda de Cultura y la empresa privada les tendieron la mano.<\/p>\n<p>La marat\u00f3n de teatro, el s\u00e1bado, cerrar\u00e1 el ciclo. La intenci\u00f3n es que la familia disfrute t\u00edteres en el parque La Victoria y pase a otro escenario para ver otra obra.<\/p>\n<p>En C\u00facuta no hay est\u00edmulo para el teatro. Los artistas no tienen trabajo y viven de las escuelas de formaci\u00f3n, se bandean con los colegios, viven del d\u00eda a d\u00eda.<\/p>\n<p>En el largo listado de obras destacan:<\/p>\n<p>1.- Sue\u00f1o de una noche de verano. Tez Teatro (El Zulia)<\/p>\n<p>2.- \u00bfDistra\u00edda yo? El Port\u00f3n (UFPS)<\/p>\n<p>3.- Vinieron por m\u00ed. La Mueca (UFPS \u2013 Oca\u00f1a)<\/p>\n<p>4.- Triste Ignorancia. Curarte Teatro (Villa del Rosario)<\/p>\n<p>5.- Cuento vivo. Fundaci\u00f3n El Quijote<\/p>\n<p>6.- La costumbre del amor. Explorarte<\/p>\n<p>7.- Colombia, o el juego de las almas perdidas. Baritoche<\/p>\n<p>8.- F\u00e1bula de marionetas. Ra\u00edces Fundarte<\/p>\n<p>9.- Villa de\u2026 Sombras y silencio.<\/p>\n<p>10.- El diablo en el infierno. El Tabl\u00f3n (Ure\u00f1a)<\/p>\n<p>&nbsp; <\/p>\n","protected":false},"excerpt":{"rendered":"<p>C\u00daCUTA.- Veinte grupos participar\u00e1n en cinco d\u00edas de teatro en C\u00facuta y las obras se presentar\u00e1n en 11 escenarios. La fiesta comienza este martes, con el desfile entre la biblioteca p\u00fablica y la Plaza de Banderas, a las 3:30 de la tarde. La actividad se cumple en desarrollo del D\u00eda Internacional del Teatro y servir\u00e1 &hellip;<\/p>\n","protected":false},"author":1,"featured_media":10726,"comment_status":"open","ping_status":"open","sticky":false,"template":"","format":"standard","meta":{"footnotes":""},"categories":[45],"tags":[244],"class_list":["post-10724","post","type-post","status-publish","format-standard","has-post-thumbnail","hentry","category-destacado","tag-festival-de-teatro"],"_links":{"self":[{"href":"https:\/\/contraluzcucuta.co\/index.php?rest_route=\/wp\/v2\/posts\/10724","targetHints":{"allow":["GET"]}}],"collection":[{"href":"https:\/\/contraluzcucuta.co\/index.php?rest_route=\/wp\/v2\/posts"}],"about":[{"href":"https:\/\/contraluzcucuta.co\/index.php?rest_route=\/wp\/v2\/types\/post"}],"author":[{"embeddable":true,"href":"https:\/\/contraluzcucuta.co\/index.php?rest_route=\/wp\/v2\/users\/1"}],"replies":[{"embeddable":true,"href":"https:\/\/contraluzcucuta.co\/index.php?rest_route=%2Fwp%2Fv2%2Fcomments&post=10724"}],"version-history":[{"count":0,"href":"https:\/\/contraluzcucuta.co\/index.php?rest_route=\/wp\/v2\/posts\/10724\/revisions"}],"wp:attachment":[{"href":"https:\/\/contraluzcucuta.co\/index.php?rest_route=%2Fwp%2Fv2%2Fmedia&parent=10724"}],"wp:term":[{"taxonomy":"category","embeddable":true,"href":"https:\/\/contraluzcucuta.co\/index.php?rest_route=%2Fwp%2Fv2%2Fcategories&post=10724"},{"taxonomy":"post_tag","embeddable":true,"href":"https:\/\/contraluzcucuta.co\/index.php?rest_route=%2Fwp%2Fv2%2Ftags&post=10724"}],"curies":[{"name":"wp","href":"https:\/\/api.w.org\/{rel}","templated":true}]}}