{"id":10711,"date":"2012-03-25T22:24:21","date_gmt":"2012-03-26T03:24:21","guid":{"rendered":"http:\/\/contraluz.co\/?p=10711"},"modified":"2012-03-25T22:24:21","modified_gmt":"2012-03-26T03:24:21","slug":"cucuta-deportivo-mas-cerca-del-hueco","status":"publish","type":"post","link":"https:\/\/contraluzcucuta.co\/?p=10711","title":{"rendered":"C\u00facuta Deportivo, m\u00e1s cerca del hueco"},"content":{"rendered":"<p><strong>C\u00daCUTA.-<\/strong> La tarde del domingo no pudo ser peor para el C\u00facuta Deportivo. En pocas horas se juntaron las adversidades que dieron al traste con las ilusiones de los no m\u00e1s de 3000 aficionados que llegaron al General Santander.<\/p>\n<p>La jornada del f\u00fatbol profesional colombiano correspondi\u00f3 a los cl\u00e1sicos. Hace a\u00f1os los motilones no tienen en el torneo rentado al vecino Atl\u00e9tico Bucaramanga para rivalizar y hacer que la fecha tenga un aditamento especial para los habitantes del oriente del pa\u00eds.<\/p>\n<p>A falta de canarios para enjaular, los rojinegros deben conformarse con el conjunto que la Dimayor les asigne como adversario. En esta oportunidad les correspondi\u00f3 \u00a0jugar contra Equidad, venido de Bogot\u00e1 y sin ali\u00f1os para que sea un derbi.<\/p>\n<p><a href=\"http:\/\/contraluz.co\/wp-content\/uploads\/2012\/03\/CUCUTA-EQUIDAD-2.png\"><img loading=\"lazy\" decoding=\"async\" class=\"alignnone size-thumbnail wp-image-10714\" title=\"CUCUTA - EQUIDAD - 2\" src=\"http:\/\/contraluz.co\/wp-content\/uploads\/2012\/03\/CUCUTA-EQUIDAD-2-150x146.png\" alt=\"\" width=\"150\" height=\"146\" \/><\/a>\u00a0 <a href=\"http:\/\/contraluz.co\/wp-content\/uploads\/2012\/03\/CUCUTA-EQUIDAD-3.png\"><img loading=\"lazy\" decoding=\"async\" class=\"alignnone size-thumbnail wp-image-10715\" title=\"CUCUTA - EQUIDAD - 3\" src=\"http:\/\/contraluz.co\/wp-content\/uploads\/2012\/03\/CUCUTA-EQUIDAD-3-150x146.png\" alt=\"\" width=\"150\" height=\"146\" \/><\/a>\u00a0 <a href=\"http:\/\/contraluz.co\/wp-content\/uploads\/2012\/03\/CUCUTA-EQUIDAD-4.png\"><img loading=\"lazy\" decoding=\"async\" class=\"alignnone size-thumbnail wp-image-10716\" title=\"CUCUTA - EQUIDAD - 4\" src=\"http:\/\/contraluz.co\/wp-content\/uploads\/2012\/03\/CUCUTA-EQUIDAD-4-150x146.png\" alt=\"\" width=\"150\" height=\"146\" \/><\/a><\/p>\n<p>Algunos de los aspectos negativos que influyeron para la derrota (1-0), tercera en l\u00ednea, pueden ser los siguientes:<\/p>\n<p><strong>1.-<\/strong> La mala racha de los fronterizos comenz\u00f3 con la exclusi\u00f3n de Jorge Bola\u00f1os de la l\u00ednea titular. Es el estandarte y de lejos el mejor de los once. Unos dicen que por distensi\u00f3n muscular, otros que por disgusto con el t\u00e9cnico H\u00e9ctor Quintabani. Alguien tendr\u00e1 la raz\u00f3n.<\/p>\n<p><strong>2.-<\/strong> El sol no apareci\u00f3 y en cambio llovi\u00f3. A los cucute\u00f1os les cae mal el fr\u00edo. Los partidos disputados en la capital del pa\u00eds y en Manizales los perdieron y goleados. Se esperaba calor para quemar a los aseguradores y las nubes se soltaron para aliviarles la tarde a los del altiplano.<\/p>\n<p><strong>3.-<\/strong> La mejor afici\u00f3n de Colombia se volvi\u00f3 perezosa y no volvi\u00f3 al estadio. Los grader\u00edos aparecen desocupados. Ni siquiera la promoci\u00f3n del 50 por ciento para mujeres y ni\u00f1os despert\u00f3 inter\u00e9s entre los hinchas. Mirar para Norte, Sur, Oriental y occidental da susto.<\/p>\n<p><strong>4.-<\/strong> Mart\u00edn Garc\u00eda, a los seis minutos, desperdici\u00f3 la oportunidad de abrir el marcador. Sesenta segundos despu\u00e9s, Equidad aprovech\u00f3 la ocasi\u00f3n, anot\u00f3 y gan\u00f3 el encuentro.<\/p>\n<p><strong>5.-<\/strong> Los jugadores no entienden las \u00f3rdenes o son sordos. El entrenador, desde el rect\u00e1ngulo que tiene para dirigir, grita, orienta, alienta, llama la atenci\u00f3n, rega\u00f1a. En la cancha no hay receptividad a esas palabras y no juegan a nada. El desorden es grande.<\/p>\n<p><strong>6.-<\/strong> Expulsi\u00f3n de H\u00e9ctor Quintabani. Los reclamos, en t\u00e9rminos que no gustaron al cuarto \u00e1rbitro, le valieron el env\u00edo a las tribunas al debutante t\u00e9cnico rojinegro. Si no lo escuchan y obedecen desde la l\u00ednea, menos desde la malla.<\/p>\n<p><strong>7.-<\/strong> No hay l\u00edder. En la cancha no se ve al jugador que tome las riendas del equipo, que ordene, que lidere, que se muestre. La cinta de capit\u00e1n no tiene peso y el que la luce no inspira respeto.<\/p>\n<p><strong>8.-<\/strong> Carlos Herrera, \u2018Falucho\u2019, lesionado. El mejor de la cancha, el luchador, el batallador, el buscador del gol, se lesion\u00f3. Se revent\u00f3 la cabeza y dej\u00f3 el partido. Camin\u00f3 hasta el camerino lleno de ira, pero alentado por los aficionados que le reconocen la cuota de sacrificio.<\/p>\n<p><strong>9.-<\/strong> \u00a0Segunda expulsi\u00f3n. Yesid Mart\u00ednez, defensa, vio la tarjeta roja por falta violenta. Dej\u00f3 al equipo con 10, perdiendo y sin posibilidades de recuperaci\u00f3n.<\/p>\n<p><strong>10.-<\/strong> \u2018Cebos, cebos, cebos\u2019. La furia de los aficionados se reflej\u00f3 en los gritos al t\u00e9rmino del partido. Los insultos salieron a flote y los hinchas cargaron con improperios a los jugadores. El ambiente termin\u00f3 caliente.<\/p>\n<p><strong>COLETILLA<\/strong>. Visos de racismo. Esos gritos contra jugadores locales y visitantes, en los que se les recuerda el color de la piel o se los compara con micos no deben repetirse en el General Santander. Desdicen de los aficionados. Por mucha rabia que se tenga, por encima debe respetarse la dignidad humana. Mal ejemplo y p\u00e9sima imagen la que dejan esos hombres que quieren hacerse los graciosos a punta de insultos. Actitud reprobada.<\/p>\n<p><a href=\"http:\/\/contraluz.co\/wp-content\/uploads\/2012\/03\/CUCUTA-EQUIDAD-5.png\"><img loading=\"lazy\" decoding=\"async\" class=\"alignnone size-thumbnail wp-image-10717\" title=\"CUCUTA - EQUIDAD - 5\" src=\"http:\/\/contraluz.co\/wp-content\/uploads\/2012\/03\/CUCUTA-EQUIDAD-5-150x146.png\" alt=\"\" width=\"150\" height=\"146\" \/><\/a>\u00a0 <a href=\"http:\/\/contraluz.co\/wp-content\/uploads\/2012\/03\/CUCUTA-EQUIDAD-7.png\"><img loading=\"lazy\" decoding=\"async\" class=\"alignnone size-thumbnail wp-image-10721\" title=\"CUCUTA - EQUIDAD - 7\" src=\"http:\/\/contraluz.co\/wp-content\/uploads\/2012\/03\/CUCUTA-EQUIDAD-7-106x150.png\" alt=\"\" width=\"106\" height=\"150\" \/><\/a>\u00a0 <a href=\"http:\/\/contraluz.co\/wp-content\/uploads\/2012\/03\/CUCUTA-EQUIDAD-6.png\"><img loading=\"lazy\" decoding=\"async\" class=\"alignnone size-thumbnail wp-image-10718\" title=\"CUCUTA - EQUIDAD - 6\" src=\"http:\/\/contraluz.co\/wp-content\/uploads\/2012\/03\/CUCUTA-EQUIDAD-6-106x150.png\" alt=\"\" width=\"106\" height=\"150\" \/><\/a><\/p>\n<p><strong>RAFAEL ANTONIO PAB\u00d3N<\/strong><\/p>\n<p><a href=\"mailto:rafaelpabon58@hotmail.com\">rafaelpabon58@hotmail.com<\/a><\/p>\n<p><strong>Fotos: ARNOLD JULIAN BONILLA<\/strong> <\/p>\n","protected":false},"excerpt":{"rendered":"<p>C\u00daCUTA.- La tarde del domingo no pudo ser peor para el C\u00facuta Deportivo. En pocas horas se juntaron las adversidades que dieron al traste con las ilusiones de los no m\u00e1s de 3000 aficionados que llegaron al General Santander. La jornada del f\u00fatbol profesional colombiano correspondi\u00f3 a los cl\u00e1sicos. Hace a\u00f1os los motilones no tienen &hellip;<\/p>\n","protected":false},"author":1,"featured_media":10713,"comment_status":"open","ping_status":"open","sticky":false,"template":"","format":"standard","meta":{"footnotes":""},"categories":[28],"tags":[],"class_list":["post-10711","post","type-post","status-publish","format-standard","has-post-thumbnail","hentry","category-vistazo-deportivo"],"_links":{"self":[{"href":"https:\/\/contraluzcucuta.co\/index.php?rest_route=\/wp\/v2\/posts\/10711","targetHints":{"allow":["GET"]}}],"collection":[{"href":"https:\/\/contraluzcucuta.co\/index.php?rest_route=\/wp\/v2\/posts"}],"about":[{"href":"https:\/\/contraluzcucuta.co\/index.php?rest_route=\/wp\/v2\/types\/post"}],"author":[{"embeddable":true,"href":"https:\/\/contraluzcucuta.co\/index.php?rest_route=\/wp\/v2\/users\/1"}],"replies":[{"embeddable":true,"href":"https:\/\/contraluzcucuta.co\/index.php?rest_route=%2Fwp%2Fv2%2Fcomments&post=10711"}],"version-history":[{"count":0,"href":"https:\/\/contraluzcucuta.co\/index.php?rest_route=\/wp\/v2\/posts\/10711\/revisions"}],"wp:attachment":[{"href":"https:\/\/contraluzcucuta.co\/index.php?rest_route=%2Fwp%2Fv2%2Fmedia&parent=10711"}],"wp:term":[{"taxonomy":"category","embeddable":true,"href":"https:\/\/contraluzcucuta.co\/index.php?rest_route=%2Fwp%2Fv2%2Fcategories&post=10711"},{"taxonomy":"post_tag","embeddable":true,"href":"https:\/\/contraluzcucuta.co\/index.php?rest_route=%2Fwp%2Fv2%2Ftags&post=10711"}],"curies":[{"name":"wp","href":"https:\/\/api.w.org\/{rel}","templated":true}]}}