{"id":10667,"date":"2012-03-23T16:11:29","date_gmt":"2012-03-23T21:11:29","guid":{"rendered":"http:\/\/contraluz.co\/?p=10667"},"modified":"2012-03-23T16:11:29","modified_gmt":"2012-03-23T21:11:29","slug":"estadio-no-debe-ser-lugar-de-violencia-coronel-pico-malaver","status":"publish","type":"post","link":"https:\/\/contraluzcucuta.co\/?p=10667","title":{"rendered":"Estadio no debe ser lugar de violencia: coronel Pico Malaver"},"content":{"rendered":"<p><strong>C\u00daCUTA.-<\/strong> El estadio no debe ser un lugar de violencia, sino el sitio para la recreaci\u00f3n en familia, y el aficionado no puede ir temeroso de ser objeto de una agresi\u00f3n. Las reflexiones las hizo el coronel \u00c1lvaro Pico Malaver, comandante de la Polic\u00eda Metropolitana, horas previas al encuentro C\u00facuta Deportivo \u2013 La Equidad.<\/p>\n<p>La Comisi\u00f3n Local de Seguridad y Convivencia en el F\u00fatbol analiz\u00f3 lo concerniente al partido de este domingo, a las 3:30 de la tarde, en el General Santander. Determin\u00f3 que a las tribunas Norte y Sur, donde ingresan las barras \u2018Trinchera Rojinegra\u2019 y \u2018Banda del Indio\u2019, especialmente, podr\u00e1n asistir aficionados desde los 16 a\u00f1os. A Oriental y Occidental, a partir de los 5 a\u00f1os.<\/p>\n<p>Las autoridades locales del f\u00fatbol presentaron, en d\u00edas pasados, la campa\u00f1a \u2018Ser buen hincha vale\u2019, para motivar al buen comportamiento de los aficionados. La actividad es reconocida en el pa\u00eds, puesta como ejemplo en escenarios deportivos nacionales.<\/p>\n<p>\u201cEl objetivo es resaltar entre j\u00f3venes y miembros de barras que el estadio no puede ser lugar de violencia\u201d, dijo el oficial, y anot\u00f3 que a cambio \u00a0\u201ces el sitio donde deber\u00edamos ir a compartir con la familia\u201d.<\/p>\n<p>Las puertas del estadio se abrir\u00e1n a las 1:00 de la tarde. Las barras del C\u00facuta Deportivo no podr\u00e1n ingresar rollos de papel y p\u00f3lvora. Las banderas, instrumentos, extintores y otros elementos deber\u00e1n presentarlos a la Polic\u00eda al ingreso, para la requisa.<\/p>\n<p>\u201cSi no vamos tan bien en la tabla, vamos muy bien en la tabla del buen ejemplo y del comportamiento\u201d, afirm\u00f3 el coronel Pico Malaver, hincha y seguidor leal del Atl\u00e9tico Bucaramanga, que juega en la Primera B del rentado colombiano.<\/p>\n<p>El comit\u00e9 de seguridad prohibi\u00f3 el uso de p\u00f3lvora, portar objetos cortantes, armas blancas, alcohol, pilas A y AA y chapas de correa. Los aficionados que se presenten en estado de embriaguez o con evidencias de haber consumido sustancias sicotr\u00f3picas no podr\u00e1n ingresar al General Santander.<\/p>\n<p>La sociedad C\u00facuta Deportivo, con motivo de la celebraci\u00f3n del D\u00eda de la Mujer, decidieron que las damas pagar\u00e1n el 50 por ciento del valor de la boleta en cualquier localidad.<\/p>\n<p>Los precios son:<\/p>\n<p><strong>Sur y Norte<\/strong>, $11.000; mujeres, $6.000<\/p>\n<p><strong>Oriental baja<\/strong>, $16.000; mujeres y ni\u00f1os $8.500<\/p>\n<p><strong>Oriental alta<\/strong>, $21.000; mujeres y ni\u00f1os $11.000<\/p>\n<p><strong>Oriental alta numerada<\/strong>, $26.000; mujeres y ni\u00f1os $13.500<\/p>\n<p><strong>Occidental alta general<\/strong>, $41.500; mujeres y ni\u00f1os $21.500<\/p>\n<p><strong>Occidental alta silla<\/strong>, $51.500; mujeres y ni\u00f1os $26.500<\/p>\n<p><strong>Occidental baja general<\/strong>, $41.500; mujeres y ni\u00f1os $21.500<\/p>\n<p><strong>Occidental baja silla<\/strong>, $46.500; mujeres y ni\u00f1os $24.000<\/p>\n<p>&nbsp; <\/p>\n","protected":false},"excerpt":{"rendered":"<p>C\u00daCUTA.- El estadio no debe ser un lugar de violencia, sino el sitio para la recreaci\u00f3n en familia, y el aficionado no puede ir temeroso de ser objeto de una agresi\u00f3n. Las reflexiones las hizo el coronel \u00c1lvaro Pico Malaver, comandante de la Polic\u00eda Metropolitana, horas previas al encuentro C\u00facuta Deportivo \u2013 La Equidad. La &hellip;<\/p>\n","protected":false},"author":1,"featured_media":10669,"comment_status":"open","ping_status":"open","sticky":false,"template":"","format":"standard","meta":{"footnotes":""},"categories":[28],"tags":[232,192,233],"class_list":["post-10667","post","type-post","status-publish","format-standard","has-post-thumbnail","hentry","category-vistazo-deportivo","tag-coronel-alvaro-pico-malaver","tag-cucuta-deportivo","tag-la-equidad"],"_links":{"self":[{"href":"https:\/\/contraluzcucuta.co\/index.php?rest_route=\/wp\/v2\/posts\/10667","targetHints":{"allow":["GET"]}}],"collection":[{"href":"https:\/\/contraluzcucuta.co\/index.php?rest_route=\/wp\/v2\/posts"}],"about":[{"href":"https:\/\/contraluzcucuta.co\/index.php?rest_route=\/wp\/v2\/types\/post"}],"author":[{"embeddable":true,"href":"https:\/\/contraluzcucuta.co\/index.php?rest_route=\/wp\/v2\/users\/1"}],"replies":[{"embeddable":true,"href":"https:\/\/contraluzcucuta.co\/index.php?rest_route=%2Fwp%2Fv2%2Fcomments&post=10667"}],"version-history":[{"count":0,"href":"https:\/\/contraluzcucuta.co\/index.php?rest_route=\/wp\/v2\/posts\/10667\/revisions"}],"wp:attachment":[{"href":"https:\/\/contraluzcucuta.co\/index.php?rest_route=%2Fwp%2Fv2%2Fmedia&parent=10667"}],"wp:term":[{"taxonomy":"category","embeddable":true,"href":"https:\/\/contraluzcucuta.co\/index.php?rest_route=%2Fwp%2Fv2%2Fcategories&post=10667"},{"taxonomy":"post_tag","embeddable":true,"href":"https:\/\/contraluzcucuta.co\/index.php?rest_route=%2Fwp%2Fv2%2Ftags&post=10667"}],"curies":[{"name":"wp","href":"https:\/\/api.w.org\/{rel}","templated":true}]}}