{"id":10653,"date":"2012-03-22T23:34:39","date_gmt":"2012-03-23T04:34:39","guid":{"rendered":"http:\/\/contraluz.co\/?p=10653"},"modified":"2012-03-22T23:34:39","modified_gmt":"2012-03-23T04:34:39","slug":"los-reconocimientos-no-me-empalagan-ciceron-florez","status":"publish","type":"post","link":"https:\/\/contraluzcucuta.co\/?p=10653","title":{"rendered":"\u201cLos reconocimientos no me empalagan\u201d: Cicer\u00f3n Fl\u00f3rez"},"content":{"rendered":"<p><strong>C\u00daCUTA.-<\/strong> \u201cEs cierto, estoy en la edad del retiro\u201d reconoci\u00f3 Cicer\u00f3n Fl\u00f3rez, la noche del jueves, al recibir el t\u00edtulo honoris causa como Comunicador Social y Periodista, otorgado por la Universidad Francisco de Paula Santander. Al acto asistieron amigos del homenajeado.<\/p>\n<p>El graduando lleg\u00f3 a C\u00facuta en 1957 para trabajar en el peri\u00f3dico El Mural y se qued\u00f3. Lleg\u00f3 acompa\u00f1ado de su esposa \u00c1ngela G\u00f3ngora y dos hijas. El causante de la venida de la familia fue el chileno Andr\u00e9s Crovo.<\/p>\n<p>Cicer\u00f3n naci\u00f3 en Condoto (Choc\u00f3) y se hizo periodista en Bogot\u00e1, donde trabaj\u00f3 para El Mercurio, dirigido por el expresidente Alberto Lleras Camargo. En la capital del pa\u00eds fue corresponsal de El Mural y conoci\u00f3 a los personajes regionales de la \u00e9poca.<\/p>\n<p>\u201cNo renuncio a seguir diciendo cosas. No renuncio al compromiso period\u00edstico\u201d, agreg\u00f3 en el discurso de agradecimiento por el t\u00edtulo conferido, y como muestra de que los \u00e1nimos con los que aterriz\u00f3 en la capital nortesantandereana, hace 53 a\u00f1os, no han pasado.<\/p>\n<p>Antes de vincularse a la Opini\u00f3n, diario en el que comenz\u00f3 como reportero y termin\u00f3 como subdirector, y en varias oportunidades como director, pas\u00f3 por Occidente, La Patria y El Tiempo. Esas experiencias las junt\u00f3 y las puso en pr\u00e1ctica en el matutino cucute\u00f1o.<\/p>\n<p>\u201cLos reconocimientos no me empalagan\u201d, dijo. La trayectoria period\u00edstica ha sido exaltada con los premios Manuel Murillo Toro, Eustorgio Colmenares, Francisco de Paula Santander y Sim\u00f3n Bol\u00edvar. El t\u00edtulo universitario solo es \u201cun eslab\u00f3n m\u00e1s de la cadena de responsabilidades\u201d.<\/p>\n<p>Esta nueva demostraci\u00f3n del aprecio ganado en la ciudad la asumi\u00f3 \u201csin pretensiones que puedan sobredimensionar lo que soy\u201d. Adem\u00e1s del ejercicio profesional, \u201clibre de cualquier sospecha\u201d, estuvo vinculado a la academia en las universidades Libre, de Pamplona y Francisco de Paula Santander.<\/p>\n<p>Hizo un repaso de los 50 a\u00f1os de la UFPS y dijo que \u201cno puede caer en el conformismo de la mediocridad\u201d. Inst\u00f3 a los directivos a ense\u00f1ar a pensar a los alumnos en el bien com\u00fan.<\/p>\n<p><a href=\"http:\/\/contraluz.co\/wp-content\/uploads\/2012\/03\/GRADO-DE-CICERON-003.jpg\"><img loading=\"lazy\" decoding=\"async\" class=\"alignnone size-thumbnail wp-image-10656\" title=\"GRADO DE CICERON 003\" src=\"http:\/\/contraluz.co\/wp-content\/uploads\/2012\/03\/GRADO-DE-CICERON-003-150x150.jpg\" alt=\"\" width=\"150\" height=\"150\" \/><\/a>\u00a0 <a href=\"http:\/\/contraluz.co\/wp-content\/uploads\/2012\/03\/GRADO-DE-CICERON-005.jpg\"><img loading=\"lazy\" decoding=\"async\" class=\"alignnone size-thumbnail wp-image-10657\" title=\"GRADO DE CICERON 005\" src=\"http:\/\/contraluz.co\/wp-content\/uploads\/2012\/03\/GRADO-DE-CICERON-005-150x150.jpg\" alt=\"\" width=\"150\" height=\"150\" \/><\/a>\u00a0 <a href=\"http:\/\/contraluz.co\/wp-content\/uploads\/2012\/03\/GRADO-DE-CICERON-008.jpg\"><img loading=\"lazy\" decoding=\"async\" class=\"alignnone size-thumbnail wp-image-10658\" title=\"GRADO DE CICERON 008\" src=\"http:\/\/contraluz.co\/wp-content\/uploads\/2012\/03\/GRADO-DE-CICERON-008-150x150.jpg\" alt=\"\" width=\"150\" height=\"150\" \/><\/a><\/p>\n<p>El rector H\u00e9ctor Parra le tom\u00f3 el juramento como comunicador social y lo invit\u00f3 a conservar el prestigio de la Universidad. En seguida recibi\u00f3 el bot\u00f3n que lo distingue como egresado del centro de estudios superiores.<\/p>\n<p>En diciembre del 2011, el Consejo Superior tom\u00f3 la determinaci\u00f3n de elevar a Cicer\u00f3n Fl\u00f3rez al estatus de titulado y le entreg\u00f3 la m\u00e1xima distinci\u00f3n que \u201cse otorga a los intelectuales de la regi\u00f3n. Entre las razones est\u00e1n el aporte al periodismo regional, el ser referente de idoneidad y el ser testigo del \u00faltimo medio siglo de historia regional.<\/p>\n<p>Cicer\u00f3n Fl\u00f3rez naci\u00f3 el 28 de diciembre de 1936. De los 75 a\u00f1os de vida, ha dedicado 55 al periodismo. Al agradecer el t\u00edtulo y al repasar lo hecho en el oficio dijo que \u201ccreo que solo s\u00e9 que nada s\u00e9\u201d.<\/p>\n<p><strong>RAFAEL ANTONIO PAB\u00d3N<\/strong><\/p>\n<p><a href=\"mailto:rafaelpabon58@hotmail.co\">rafaelpabon58@hotmail.co<\/a>m<\/p>\n<p><strong>Fotos: JORGE OMAR PAB\u00d3N<\/strong> <\/p>\n","protected":false},"excerpt":{"rendered":"<p>C\u00daCUTA.- \u201cEs cierto, estoy en la edad del retiro\u201d reconoci\u00f3 Cicer\u00f3n Fl\u00f3rez, la noche del jueves, al recibir el t\u00edtulo honoris causa como Comunicador Social y Periodista, otorgado por la Universidad Francisco de Paula Santander. Al acto asistieron amigos del homenajeado. El graduando lleg\u00f3 a C\u00facuta en 1957 para trabajar en el peri\u00f3dico El Mural &hellip;<\/p>\n","protected":false},"author":1,"featured_media":10655,"comment_status":"open","ping_status":"open","sticky":false,"template":"","format":"standard","meta":{"footnotes":""},"categories":[74,4],"tags":[228,229],"class_list":["post-10653","post","type-post","status-publish","format-standard","has-post-thumbnail","hentry","category-aula-universitaria","category-barra","tag-ciceron-florez","tag-ufps"],"_links":{"self":[{"href":"https:\/\/contraluzcucuta.co\/index.php?rest_route=\/wp\/v2\/posts\/10653","targetHints":{"allow":["GET"]}}],"collection":[{"href":"https:\/\/contraluzcucuta.co\/index.php?rest_route=\/wp\/v2\/posts"}],"about":[{"href":"https:\/\/contraluzcucuta.co\/index.php?rest_route=\/wp\/v2\/types\/post"}],"author":[{"embeddable":true,"href":"https:\/\/contraluzcucuta.co\/index.php?rest_route=\/wp\/v2\/users\/1"}],"replies":[{"embeddable":true,"href":"https:\/\/contraluzcucuta.co\/index.php?rest_route=%2Fwp%2Fv2%2Fcomments&post=10653"}],"version-history":[{"count":0,"href":"https:\/\/contraluzcucuta.co\/index.php?rest_route=\/wp\/v2\/posts\/10653\/revisions"}],"wp:attachment":[{"href":"https:\/\/contraluzcucuta.co\/index.php?rest_route=%2Fwp%2Fv2%2Fmedia&parent=10653"}],"wp:term":[{"taxonomy":"category","embeddable":true,"href":"https:\/\/contraluzcucuta.co\/index.php?rest_route=%2Fwp%2Fv2%2Fcategories&post=10653"},{"taxonomy":"post_tag","embeddable":true,"href":"https:\/\/contraluzcucuta.co\/index.php?rest_route=%2Fwp%2Fv2%2Ftags&post=10653"}],"curies":[{"name":"wp","href":"https:\/\/api.w.org\/{rel}","templated":true}]}}