{"id":10649,"date":"2012-03-22T23:01:13","date_gmt":"2012-03-23T04:01:13","guid":{"rendered":"http:\/\/contraluz.co\/?p=10649"},"modified":"2012-03-22T23:01:13","modified_gmt":"2012-03-23T04:01:13","slug":"el-espectador-periodismo-independiente","status":"publish","type":"post","link":"https:\/\/contraluzcucuta.co\/?p=10649","title":{"rendered":"El Espectador, periodismo independiente"},"content":{"rendered":"<p>En la conmemoraci\u00f3n de los 125 a\u00f1os del diario El Espectador, la prensa nacional e internacional est\u00e1 llamada a rendir verdadero tributo a un peri\u00f3dico y a una familia que, a pesar de las vicisitudes que ha afrontado durante este largo tiempo, han dado muestras de tes\u00f3n y valent\u00eda para seguir adelante.<\/p>\n<p>La prensa colombiana se ha nutrido en todas las \u00e9pocas de las ideas liberales, que han inspirado a los Cano para orientar e informar a los conciudadanos, al punto que su legado est\u00e1 escrito con tinta indeleble en cada una de sus p\u00e1ginas, con altura y profesionalismo.<\/p>\n<p>La historia de tan importante medio de comunicaci\u00f3n ha transitado por momentos aciagos tales como la bomba que hizo explotar el narcotr\u00e1fico en sus instalaciones y el execrable crimen del m\u00e1ximo palad\u00edn de la democracia y la libertad de prensa, don Guillermo Cano Isaza.\u00a0 A ello se sum\u00f3 el bloqueo econ\u00f3mico que hubo de padecer por varios a\u00f1os el peri\u00f3dico, hecho que hizo que saliera de circulaci\u00f3n diaria por la de fines de semana, pretendiendo acallar y ahogar la voz de un medio netamente independiente.<\/p>\n<p>Quienes hemos abrazado la causa del periodismo desde tiempos inmemoriales, sentimos orgullo de contar con un peri\u00f3dico que expresa en todas sus notas la filosof\u00eda de la verdad y de la libertad, que brillan por su ausencia en otros medios de circulaci\u00f3n regional y nacional, quienes se han prestado para servir\u00a0 obsecuentes a nefastos intereses partidistas y gobiernos antidemocr\u00e1ticos.<\/p>\n<p>Desde 1887, fecha de su fundaci\u00f3n, y luego de haberse proclamado la confesional Constituci\u00f3n de 1886, transformada integralmente en buena hora por la actual Carta Pol\u00edtica de 1991, el peri\u00f3dico El Espectador, ha sido faro y gu\u00eda en la informaci\u00f3n que difunde a diario, am\u00e9n de exponente de las m\u00e1s puras y caras ideas liberales. Se ha enfrentado a gobiernos, instituciones, grupos armados al margen de la ley y a todo tipo de pensamientos retardatarios, en aras de cumplir la sagrada misi\u00f3n de ejercer el periodismo con honestidad, lealtad e independencia.<\/p>\n<p>Es por ello que el periodismo colombiano se une en esta fecha memorable a todos y cada uno de los columnistas del diario El Espectador, rindiendo tributo a sus fundadores por esta gesta, que sin hesitaci\u00f3n alguna deber\u00e1 seguir por el mismo sendero que se trazaron desde sus inicios con altruismo, vocaci\u00f3n y sabidur\u00eda los verdaderos ap\u00f3stoles del periodismo colombiano.<\/p>\n<p><strong>ORLANDO MORALES<\/strong><\/p>\n<p>ormoralesace@hotmail.com <\/p>\n","protected":false},"excerpt":{"rendered":"<p>En la conmemoraci\u00f3n de los 125 a\u00f1os del diario El Espectador, la prensa nacional e internacional est\u00e1 llamada a rendir verdadero tributo a un peri\u00f3dico y a una familia que, a pesar de las vicisitudes que ha afrontado durante este largo tiempo, han dado muestras de tes\u00f3n y valent\u00eda para seguir adelante. La prensa colombiana &hellip;<\/p>\n","protected":false},"author":1,"featured_media":10651,"comment_status":"open","ping_status":"open","sticky":false,"template":"","format":"standard","meta":{"footnotes":""},"categories":[37],"tags":[227],"class_list":["post-10649","post","type-post","status-publish","format-standard","has-post-thumbnail","hentry","category-paseo-cultural","tag-el-espectador"],"_links":{"self":[{"href":"https:\/\/contraluzcucuta.co\/index.php?rest_route=\/wp\/v2\/posts\/10649","targetHints":{"allow":["GET"]}}],"collection":[{"href":"https:\/\/contraluzcucuta.co\/index.php?rest_route=\/wp\/v2\/posts"}],"about":[{"href":"https:\/\/contraluzcucuta.co\/index.php?rest_route=\/wp\/v2\/types\/post"}],"author":[{"embeddable":true,"href":"https:\/\/contraluzcucuta.co\/index.php?rest_route=\/wp\/v2\/users\/1"}],"replies":[{"embeddable":true,"href":"https:\/\/contraluzcucuta.co\/index.php?rest_route=%2Fwp%2Fv2%2Fcomments&post=10649"}],"version-history":[{"count":0,"href":"https:\/\/contraluzcucuta.co\/index.php?rest_route=\/wp\/v2\/posts\/10649\/revisions"}],"wp:attachment":[{"href":"https:\/\/contraluzcucuta.co\/index.php?rest_route=%2Fwp%2Fv2%2Fmedia&parent=10649"}],"wp:term":[{"taxonomy":"category","embeddable":true,"href":"https:\/\/contraluzcucuta.co\/index.php?rest_route=%2Fwp%2Fv2%2Fcategories&post=10649"},{"taxonomy":"post_tag","embeddable":true,"href":"https:\/\/contraluzcucuta.co\/index.php?rest_route=%2Fwp%2Fv2%2Ftags&post=10649"}],"curies":[{"name":"wp","href":"https:\/\/api.w.org\/{rel}","templated":true}]}}