{"id":10645,"date":"2012-03-22T22:56:35","date_gmt":"2012-03-23T03:56:35","guid":{"rendered":"http:\/\/contraluz.co\/?p=10645"},"modified":"2012-03-22T22:56:35","modified_gmt":"2012-03-23T03:56:35","slug":"gobierno-garantizo-3000-millones-para-educacion-publica-en-cucuta","status":"publish","type":"post","link":"https:\/\/contraluzcucuta.co\/?p=10645","title":{"rendered":"Gobierno garantiz\u00f3 $3000 millones para educaci\u00f3n p\u00fablica en C\u00facuta"},"content":{"rendered":"<p><strong>C\u00daCUTA.-<\/strong> Cientos de estudiantes de los colegios dirigidos por comunidades religiosas en C\u00facuta marcharon, este jueves, para reclamar por el derecho a la educaci\u00f3n y para exigir que los planteles se mantengan abiertos para prestarles el servicio.<\/p>\n<p>Los j\u00f3venes lucieron los uniformes de las instituciones, caminaron con pancartas, gritaron consignas alusivas al movimiento y pidieron que no les cierren las posibilidades de mantenerse en camino a la superaci\u00f3n.<\/p>\n<p>Los muchachos estuvieron respaldados por los rectores de la Escuela Normal Superior Mar\u00eda Auxiliadora, el Instituto T\u00e9cnico Salesiano, el Sagrado Coraz\u00f3n de Jes\u00fas, el Santo \u00c1ngel y la Comunidad de Misioneros San Carlos Scalabrinianos; padres de familia y profesores.<\/p>\n<p>El alcalde Donamaris Ram\u00edrez sali\u00f3 al parque y anunci\u00f3 la viabilidad de la educaci\u00f3n cat\u00f3lica, luego de hablar con la ministra Mar\u00eda Fernanda Campo.<\/p>\n<p>Adultos, j\u00f3venes y ni\u00f1os saltaron y gritaron de alegr\u00eda al escuchar la tan anhelada soluci\u00f3n. Cantaron el himno de C\u00facuta y soltaron globos de colores en se\u00f1al de agradecimiento por la gesti\u00f3n cumplida.<\/p>\n<p>Las instituciones mantendr\u00e1n la educaci\u00f3n de calidad, que por d\u00e9cadas han formado a ni\u00f1os de estratos bajos. \u201cEl alcalde siempre ha estado de parte de la educaci\u00f3n y de manera especial cerca de las comunidades. Agradecemos su rectitud y la respuesta que hoy tuvo el Gobierno de continuar con el apoyo a nuestro prop\u00f3sito\u201d, dijo el obispo Julio C\u00e9sar Vidal Ortiz.<\/p>\n<p>El Ministerio de Educaci\u00f3n garantiz\u00f3 m\u00e1s de 3000 millones para atender los problemas del sector en la capital de Norte de Santander. Donamaris Ram\u00edrez solicit\u00f3 al Gobierno colaboraci\u00f3n para nombrar docentes en el colegio Camilo Daza y la continuidad de los coordinadores del Sagrado Coraz\u00f3n.<\/p>\n<p>&nbsp; <\/p>\n","protected":false},"excerpt":{"rendered":"<p>C\u00daCUTA.- Cientos de estudiantes de los colegios dirigidos por comunidades religiosas en C\u00facuta marcharon, este jueves, para reclamar por el derecho a la educaci\u00f3n y para exigir que los planteles se mantengan abiertos para prestarles el servicio. Los j\u00f3venes lucieron los uniformes de las instituciones, caminaron con pancartas, gritaron consignas alusivas al movimiento y pidieron &hellip;<\/p>\n","protected":false},"author":1,"featured_media":10647,"comment_status":"open","ping_status":"open","sticky":false,"template":"","format":"standard","meta":{"footnotes":""},"categories":[4,9],"tags":[226,176],"class_list":["post-10645","post","type-post","status-publish","format-standard","has-post-thumbnail","hentry","category-barra","category-politica","tag-alcaldia-de-cucuta","tag-donamaris-ramirez"],"_links":{"self":[{"href":"https:\/\/contraluzcucuta.co\/index.php?rest_route=\/wp\/v2\/posts\/10645","targetHints":{"allow":["GET"]}}],"collection":[{"href":"https:\/\/contraluzcucuta.co\/index.php?rest_route=\/wp\/v2\/posts"}],"about":[{"href":"https:\/\/contraluzcucuta.co\/index.php?rest_route=\/wp\/v2\/types\/post"}],"author":[{"embeddable":true,"href":"https:\/\/contraluzcucuta.co\/index.php?rest_route=\/wp\/v2\/users\/1"}],"replies":[{"embeddable":true,"href":"https:\/\/contraluzcucuta.co\/index.php?rest_route=%2Fwp%2Fv2%2Fcomments&post=10645"}],"version-history":[{"count":0,"href":"https:\/\/contraluzcucuta.co\/index.php?rest_route=\/wp\/v2\/posts\/10645\/revisions"}],"wp:attachment":[{"href":"https:\/\/contraluzcucuta.co\/index.php?rest_route=%2Fwp%2Fv2%2Fmedia&parent=10645"}],"wp:term":[{"taxonomy":"category","embeddable":true,"href":"https:\/\/contraluzcucuta.co\/index.php?rest_route=%2Fwp%2Fv2%2Fcategories&post=10645"},{"taxonomy":"post_tag","embeddable":true,"href":"https:\/\/contraluzcucuta.co\/index.php?rest_route=%2Fwp%2Fv2%2Ftags&post=10645"}],"curies":[{"name":"wp","href":"https:\/\/api.w.org\/{rel}","templated":true}]}}