{"id":10641,"date":"2012-03-22T22:52:15","date_gmt":"2012-03-23T03:52:15","guid":{"rendered":"http:\/\/contraluz.co\/?p=10641"},"modified":"2012-03-22T22:52:15","modified_gmt":"2012-03-23T03:52:15","slug":"si-no-hay-agua-no-vivimos-mamo-ramon-gil","status":"publish","type":"post","link":"https:\/\/contraluzcucuta.co\/?p=10641","title":{"rendered":"Si no hay agua, no vivimos: mamo Ram\u00f3n Gil"},"content":{"rendered":"<p><strong>C\u00daCUTA.-<\/strong> El mamo Ram\u00f3n Gil baj\u00f3 de la Sierra Nevada para bendecir el agua del Pamplonita. La ceremonia se cumpli\u00f3 a orillas del r\u00edo, en inmediaciones del Ecoparque, en la celebraci\u00f3n del D\u00eda Mundial del Agua. Decenas de cucute\u00f1os asistieron, este jueves, al ritual.<\/p>\n<p>La autoridad ind\u00edgena, vestido de blanco, bendijo el agua, la lluvia y la humanidad. \u201cSer\u00e1n sanados cuando perdonen\u201d, dijo mientras alargaba el paso para llegar a tiempo a la siguiente actividad programada.<\/p>\n<p>Los factores contaminantes del agua son el hombre, que arroja basura al Pamplonita. A esto se suma \u201censuciar, orinarse, mucho muerto, asesinos, mueren vacas y se les est\u00e1 echando a los r\u00edos\u201d, dijo en el espa\u00f1ol que combina con algunas expresiones de su lengua original.<\/p>\n<p>Por estos inconvenientes que se generan \u201chay que santiguar al agua para que sea purificada\u201d. El mamo cerr\u00f3 los ojos y elev\u00f3 la oraci\u00f3n para que se escuche en el infinito, m\u00e1s all\u00e1 de las estrellas, o por Dios para los creyentes.<\/p>\n<p>\u201cEl agua es muy sagrada, si no hay agua no vivimos\u201d, dijo y explic\u00f3 que el ciclo del hombre est\u00e1 supeditado al recurso h\u00eddrico. \u201cPor agua vivimos, por agua crecemos, por agua estamos caminando. Hay que cancelar la deuda, purificarla y ordenarse el cuerpo\u201d.<\/p>\n<p>La siguiente ceremonia la cumpli\u00f3 en la tarima. Junto a su compa\u00f1ero de comunidad entreg\u00f3 la parte de una planta, le prendi\u00f3 fuego y or\u00f3 para sanar de los males a los que inhalaran el humo. La mayor\u00eda de los asistentes cumpli\u00f3 el ritual y regres\u00f3 a casa con otra creencia.<\/p>\n<p>El mamo Ram\u00f3n Gil, de la comunidad ind\u00edgena Wiwa, es considerado principio de conocimiento y sabidur\u00eda, gu\u00eda, orientador de la ley de origen y respetado y admirado en la Sierra Nevada.<\/p>\n<p>Despert\u00f3 la conciencia del da\u00f1o a la Tierra y record\u00f3 que \u00a0\u201ces hora de escuchar, entender, reflexionar y buscar apoyo para la defensa del agua\u201d.<\/p>\n<p>La tercera actividad fue el conversatorio en la Universidad sim\u00f3n Bol\u00edvar sobre \u201cel comportamiento humano frente en la naturaleza\u201d. Decenas de estudiantes escucharon los planteamientos.<\/p>\n<p>Senith Malpica, integrante del grupo organizador de la celebraci\u00f3n, dijo que los cucute\u00f1os, ahora, deben reflexionar y acudir al llamado que hace la madre tierra. \u201cEst\u00e1 pariendo la nueva humanidad, consciente y llena de amor, que todos comprendan que somos uno solo\u201d.<\/p>\n<p>El agua, por donde quiera que pase, deja bendiciones, interact\u00faa con los dem\u00e1s elementos de la naturaleza. \u201cDebemos mirar el agua como ser \u00edntegro, no como el reino mineral inerte. El agua es vida\u201d. <\/p>\n","protected":false},"excerpt":{"rendered":"<p>C\u00daCUTA.- El mamo Ram\u00f3n Gil baj\u00f3 de la Sierra Nevada para bendecir el agua del Pamplonita. La ceremonia se cumpli\u00f3 a orillas del r\u00edo, en inmediaciones del Ecoparque, en la celebraci\u00f3n del D\u00eda Mundial del Agua. Decenas de cucute\u00f1os asistieron, este jueves, al ritual. La autoridad ind\u00edgena, vestido de blanco, bendijo el agua, la lluvia &hellip;<\/p>\n","protected":false},"author":1,"featured_media":10643,"comment_status":"open","ping_status":"open","sticky":false,"template":"","format":"standard","meta":{"footnotes":""},"categories":[10,4],"tags":[225],"class_list":["post-10641","post","type-post","status-publish","format-standard","has-post-thumbnail","hentry","category-cronicas","category-barra","tag-dia-del-agua"],"_links":{"self":[{"href":"https:\/\/contraluzcucuta.co\/index.php?rest_route=\/wp\/v2\/posts\/10641","targetHints":{"allow":["GET"]}}],"collection":[{"href":"https:\/\/contraluzcucuta.co\/index.php?rest_route=\/wp\/v2\/posts"}],"about":[{"href":"https:\/\/contraluzcucuta.co\/index.php?rest_route=\/wp\/v2\/types\/post"}],"author":[{"embeddable":true,"href":"https:\/\/contraluzcucuta.co\/index.php?rest_route=\/wp\/v2\/users\/1"}],"replies":[{"embeddable":true,"href":"https:\/\/contraluzcucuta.co\/index.php?rest_route=%2Fwp%2Fv2%2Fcomments&post=10641"}],"version-history":[{"count":0,"href":"https:\/\/contraluzcucuta.co\/index.php?rest_route=\/wp\/v2\/posts\/10641\/revisions"}],"wp:attachment":[{"href":"https:\/\/contraluzcucuta.co\/index.php?rest_route=%2Fwp%2Fv2%2Fmedia&parent=10641"}],"wp:term":[{"taxonomy":"category","embeddable":true,"href":"https:\/\/contraluzcucuta.co\/index.php?rest_route=%2Fwp%2Fv2%2Fcategories&post=10641"},{"taxonomy":"post_tag","embeddable":true,"href":"https:\/\/contraluzcucuta.co\/index.php?rest_route=%2Fwp%2Fv2%2Ftags&post=10641"}],"curies":[{"name":"wp","href":"https:\/\/api.w.org\/{rel}","templated":true}]}}