{"id":10622,"date":"2012-03-22T12:29:44","date_gmt":"2012-03-22T17:29:44","guid":{"rendered":"http:\/\/contraluz.co\/?p=10622"},"modified":"2012-03-22T12:29:44","modified_gmt":"2012-03-22T17:29:44","slug":"cucuta-tendra-zonas-azules-y-amarillas","status":"publish","type":"post","link":"https:\/\/contraluzcucuta.co\/?p=10622","title":{"rendered":"C\u00facuta tendr\u00e1 zonas azules y amarillas"},"content":{"rendered":"<p><strong>C\u00daCUTA.-<\/strong> La manera de estacionarse en C\u00facuta cambi\u00f3. Los propietarios de veh\u00edculos particulares y de servicio p\u00fablico podr\u00e1n dejarlos en la calle, en sitios demarcados, pero pagar\u00e1n una tarifa por el tiempo que demoren.<\/p>\n<p>El Concejo aprob\u00f3 las zonas azules y amarillas como sistemas de estacionamiento autorizado en la v\u00eda. La direcci\u00f3n y programaci\u00f3n estar\u00e1 a cargo de la Secretar\u00eda de Tr\u00e1nsito Municipal.<\/p>\n<p>Los ni\u00f1os, j\u00f3venes y adultos que cuidaban los carros a cambio de una moneda tendr\u00e1n que cambiar de oficio o someterse a las disposiciones que regir\u00e1n para dar cumplimiento a la iniciativa.<\/p>\n<p>El ponente del proyecto de acuerdo Carlos Alberto Jaimes dijo que la operaci\u00f3n de este sistema estar\u00e1 a cargo de uno o varios concesionarios, hasta por el t\u00e9rmino de cinco a\u00f1os. Los estudios t\u00e9cnicos previos al proceso licitatorio marcar\u00e1n las pautas que deben seguirse.<\/p>\n<p>A partir de la puesta en marcha de la norma, del centro de la ciudad desaparecer\u00e1n los cuidanderos de automotores armados con un palo para espantar a jaladores, desvalijadores y ladrones de autopartes.<\/p>\n<p>La implementaci\u00f3n de las zonas azules, para particulares, y amarillas, para taxis, proceder\u00e1 previo concepto t\u00e9cnico de Planeaci\u00f3n Municipal, sin perjuicio de las obligaciones adquiridas por el municipio.<\/p>\n<p>Los taxistas, en los \u00faltimos a\u00f1os, se adue\u00f1aron de las v\u00edas y demarcaron a gusto las \u00e1reas que utilizan como \u2018terminales\u2019 urbanas. Esos espacios tomados por asalto no pod\u00edan ser usados por los particulares so pena de insultos, agravios y amenazas.<\/p>\n<p>La remuneraci\u00f3n del o de los concesionarios corresponder\u00e1 a la suma que resulte de la diferencia que se obtenga entre el recaudo total por la venta de servicios, los gastos de operaci\u00f3n y mantenimiento de los espacios. El municipio recibir\u00e1 una participaci\u00f3n del 20 por ciento.<\/p>\n<p>Los vigilantes actuales no pagan un centavo al erario cucute\u00f1o, reciben la paga por estar pendientes de los veh\u00edculos y en cualquier momento abandonan el lugar para regresar a casa con el producido del d\u00eda. En las horas \u2018laborales\u2019 pueden devengar, de moneda en moneda, entre $30.000 y $50.000. La suma depende de la calle o avenida escogida.<\/p>\n<p>La medida, dijo el ponente Jaimes Fern\u00e1ndez, obedece a la pol\u00edtica p\u00fablica de racionamiento del espacio p\u00fablico, implementada por el alcalde Donamaris Ram\u00edrez.<\/p>\n<p>Seis zonas especiales ser\u00e1n destinadas para darle rienda suelta al Acuerdo. El centro de la ciudad, Caobos, Cl\u00ednica San Jos\u00e9, Acacios y Guaimaral y hospital Erasmo Meoz son las elegidas para poner en\u00a0 marcha el plan.<\/p>\n<p>&nbsp;<\/p>\n<p>En los lugares no parqueo, susceptibles de convertirse en zonas de estacionamiento autorizado, el usuario no pagar\u00e1 si demora en la diligencia entre 5 y 10 minutos. A partir de ese tiempo tendr\u00e1 un costo escalonado. <\/p>\n","protected":false},"excerpt":{"rendered":"<p>C\u00daCUTA.- La manera de estacionarse en C\u00facuta cambi\u00f3. Los propietarios de veh\u00edculos particulares y de servicio p\u00fablico podr\u00e1n dejarlos en la calle, en sitios demarcados, pero pagar\u00e1n una tarifa por el tiempo que demoren. El Concejo aprob\u00f3 las zonas azules y amarillas como sistemas de estacionamiento autorizado en la v\u00eda. La direcci\u00f3n y programaci\u00f3n estar\u00e1 &hellip;<\/p>\n","protected":false},"author":1,"featured_media":10624,"comment_status":"open","ping_status":"open","sticky":false,"template":"","format":"standard","meta":{"footnotes":""},"categories":[36],"tags":[220],"class_list":["post-10622","post","type-post","status-publish","format-standard","has-post-thumbnail","hentry","category-la-voz-del-pueblo","tag-zonas-azules-y-amarillas"],"_links":{"self":[{"href":"https:\/\/contraluzcucuta.co\/index.php?rest_route=\/wp\/v2\/posts\/10622","targetHints":{"allow":["GET"]}}],"collection":[{"href":"https:\/\/contraluzcucuta.co\/index.php?rest_route=\/wp\/v2\/posts"}],"about":[{"href":"https:\/\/contraluzcucuta.co\/index.php?rest_route=\/wp\/v2\/types\/post"}],"author":[{"embeddable":true,"href":"https:\/\/contraluzcucuta.co\/index.php?rest_route=\/wp\/v2\/users\/1"}],"replies":[{"embeddable":true,"href":"https:\/\/contraluzcucuta.co\/index.php?rest_route=%2Fwp%2Fv2%2Fcomments&post=10622"}],"version-history":[{"count":0,"href":"https:\/\/contraluzcucuta.co\/index.php?rest_route=\/wp\/v2\/posts\/10622\/revisions"}],"wp:attachment":[{"href":"https:\/\/contraluzcucuta.co\/index.php?rest_route=%2Fwp%2Fv2%2Fmedia&parent=10622"}],"wp:term":[{"taxonomy":"category","embeddable":true,"href":"https:\/\/contraluzcucuta.co\/index.php?rest_route=%2Fwp%2Fv2%2Fcategories&post=10622"},{"taxonomy":"post_tag","embeddable":true,"href":"https:\/\/contraluzcucuta.co\/index.php?rest_route=%2Fwp%2Fv2%2Ftags&post=10622"}],"curies":[{"name":"wp","href":"https:\/\/api.w.org\/{rel}","templated":true}]}}