{"id":10612,"date":"2012-03-22T00:10:11","date_gmt":"2012-03-22T05:10:11","guid":{"rendered":"http:\/\/contraluz.co\/?p=10612"},"modified":"2012-03-22T00:10:11","modified_gmt":"2012-03-22T05:10:11","slug":"dia-mundial-del-agua","status":"publish","type":"post","link":"https:\/\/contraluzcucuta.co\/?p=10612","title":{"rendered":"D\u00eda Mundial del Agua"},"content":{"rendered":"<p><strong>C\u00daCUTA.-<\/strong> Hoy, la celebraci\u00f3n del D\u00eda Mundial del agua debe levar a los cucute\u00f1os a reflexionar acerca de la situaci\u00f3n del Pamplonita. Al hacerse un recorrido por las cercan\u00edas del r\u00edo se notar\u00e1 la sequ\u00eda que afronta por el intenso verano.<\/p>\n<p>Estas son algunas consideraciones para tener en cuenta en esta fecha y para los posteriores d\u00edas:<\/p>\n<p><strong>1.-<\/strong> Del total del agua en el planeta solo el 2,5 por ciento es agua dulce disponible para el consumo humano.<\/p>\n<p><strong>2.-<\/strong> Dados los crecientes niveles de contaminaci\u00f3n, el agua es cada vez de menor calidad.<\/p>\n<p><strong>3.- <\/strong>El consumo aumenta, por el crecimiento poblacional y por los crecientes patrones de consumo.<\/p>\n<p><strong>4.- <\/strong>El cambio clim\u00e1tico tendr\u00e1 graves consecuencias en la disponibilidad de agua para producir alimentos y en la productividad de los cultivos durante las pr\u00f3ximas d\u00e9cadas, seg\u00fan advierte un informe de la FAO.<\/p>\n<p><strong>5.-<\/strong> Casi el 50 por ciento de la poblaci\u00f3n de los pa\u00edses en desarrollo &#8211; 2500 millones de personas &#8211; carecen de instalaciones mejoradas de saneamiento, y m\u00e1s de 884 millones todav\u00eda utilizan fuentes de agua no aptas para el consumo (la poblaci\u00f3n total de Am\u00e9rica es de 930 millones de habitantes).<\/p>\n<p><strong>6.-<\/strong> Cada 20 segundos muere un ni\u00f1o por carecer de agua potable y de instalaciones b\u00e1sicas de saneamiento.<\/p>\n<p><strong>7.-<\/strong> Seg\u00fan la OCDE: para el 2050 se necesitar\u00e1 50 por ciento m\u00e1s de agua.<\/p>\n<p><strong>8.-<\/strong> Oro azul. Dr\u00e1stico d\u00e9ficit del recurso para el a\u00f1o 2025 indican las estad\u00edsticas de la FAO.<\/p>\n<p><strong>9.-<\/strong> En el futuro se agudizar\u00e1n y aumentar\u00e1n los conflictos en el interior y entre los pa\u00edses por el agua.<\/p>\n<p><strong>10.-<\/strong> En el 2010, 122 pa\u00edses de la ONU aprobaron que el uso del agua no es solo una necesidad, sino un derecho humano esencial.<\/p>\n<p><em>Adaptado del art\u00edculo escrito por EDGARDO CONDEZA en El ConceCuente<\/em><\/p>\n<p>&nbsp; <\/p>\n","protected":false},"excerpt":{"rendered":"<p>C\u00daCUTA.- Hoy, la celebraci\u00f3n del D\u00eda Mundial del agua debe levar a los cucute\u00f1os a reflexionar acerca de la situaci\u00f3n del Pamplonita. Al hacerse un recorrido por las cercan\u00edas del r\u00edo se notar\u00e1 la sequ\u00eda que afronta por el intenso verano. Estas son algunas consideraciones para tener en cuenta en esta fecha y para los &hellip;<\/p>\n","protected":false},"author":1,"featured_media":10613,"comment_status":"open","ping_status":"open","sticky":false,"template":"","format":"standard","meta":{"footnotes":""},"categories":[4,106],"tags":[],"class_list":["post-10612","post","type-post","status-publish","format-standard","has-post-thumbnail","hentry","category-barra","category-documentos"],"_links":{"self":[{"href":"https:\/\/contraluzcucuta.co\/index.php?rest_route=\/wp\/v2\/posts\/10612","targetHints":{"allow":["GET"]}}],"collection":[{"href":"https:\/\/contraluzcucuta.co\/index.php?rest_route=\/wp\/v2\/posts"}],"about":[{"href":"https:\/\/contraluzcucuta.co\/index.php?rest_route=\/wp\/v2\/types\/post"}],"author":[{"embeddable":true,"href":"https:\/\/contraluzcucuta.co\/index.php?rest_route=\/wp\/v2\/users\/1"}],"replies":[{"embeddable":true,"href":"https:\/\/contraluzcucuta.co\/index.php?rest_route=%2Fwp%2Fv2%2Fcomments&post=10612"}],"version-history":[{"count":0,"href":"https:\/\/contraluzcucuta.co\/index.php?rest_route=\/wp\/v2\/posts\/10612\/revisions"}],"wp:attachment":[{"href":"https:\/\/contraluzcucuta.co\/index.php?rest_route=%2Fwp%2Fv2%2Fmedia&parent=10612"}],"wp:term":[{"taxonomy":"category","embeddable":true,"href":"https:\/\/contraluzcucuta.co\/index.php?rest_route=%2Fwp%2Fv2%2Fcategories&post=10612"},{"taxonomy":"post_tag","embeddable":true,"href":"https:\/\/contraluzcucuta.co\/index.php?rest_route=%2Fwp%2Fv2%2Ftags&post=10612"}],"curies":[{"name":"wp","href":"https:\/\/api.w.org\/{rel}","templated":true}]}}