{"id":10459,"date":"2012-03-17T12:17:25","date_gmt":"2012-03-17T17:17:25","guid":{"rendered":"http:\/\/contraluz.co\/?p=10459"},"modified":"2012-03-17T12:17:25","modified_gmt":"2012-03-17T17:17:25","slug":"doce-peliculas-disputaran-trofeo-del-primer-festival-binacional","status":"publish","type":"post","link":"https:\/\/contraluzcucuta.co\/?p=10459","title":{"rendered":"Doce pel\u00edculas disputar\u00e1n trofeo del primer festival binacional"},"content":{"rendered":"<p><strong>C\u00daCUTA.-<\/strong> Doce pel\u00edculas, seis colombianas y seis venezolanas, disputar\u00e1n el t\u00edtulo de la mejor en el primer festival de cine binacional, organizado por Fundaci\u00f3n para el Desarrollo de las Artes y la Cultura (Fundeart). Los filmes se proyectar\u00e1n en las salas de C\u00facuta y San Crist\u00f3bal.<\/p>\n<p>Henry Carde\u00f1o (Laisa), ganador en el 2008 del premio a la mejor actriz en el Festival de Cine de Venezuela, protagoniza uno de los largometrajes que se exhibir\u00e1n, a partir del martes, en la capital de Norte de Santander.<\/p>\n<p>Este domingo, en la Torre del Reloj, se dar\u00e1 comienzo al Festival con presencia gubernamental, personalidades del cine, actores y directores de los dos pa\u00edses. La intenci\u00f3n es darle la suficiente fuerza para que tome vida y pueda efectuarse cada a\u00f1o.<\/p>\n<p>Las proyecciones ser\u00e1n gratis. A la par se ofrecer\u00e1n talleres en la C\u00e1mara de Comercio. El mi\u00e9rcoles, la organizaci\u00f3n viajar\u00e1 a San Crist\u00f3bal. El jueves, ser\u00e1n el cierre y la premiaci\u00f3n. El p\u00fablico tambi\u00e9n otorgar\u00e1 un premio a la mejor pel\u00edcula.<\/p>\n<p>Las pel\u00edculas seleccionadas ganaron o recibieron premios, entre el 2009 y el 2011, en los dos pa\u00edses o fuera. El objetivo es mostrar qu\u00e9 se est\u00e1 haciendo en cine, discutir cu\u00e1l es la visi\u00f3n de los directores y qu\u00e9 propuestas ofrecen.<\/p>\n<p>El cine es el punto en donde convergen las historias. \u201cNo hay que apoyar al cine, porque no tiene c\u00e1ncer, hay que disfrutarlo, porque lo estamos haciendo\u201d.<\/p>\n<p>Las pel\u00edculas que se exhibir\u00e1n son las siguientes:<\/p>\n<p><strong>Colombia:<\/strong> Los colores de la monta\u00f1a, Retratos en un mar de mentiras, La sangre y la lluvia, El vuelco del cangrejo, Todos tus muertos y Los viajes del viento.<\/p>\n<p><strong>Venezuela:<\/strong> La hora cero, Hermano, Samuel, Taita Bobes, Rever\u00f3n y Una casa pa\u2019Maita<\/p>\n<p>&nbsp; <\/p>\n","protected":false},"excerpt":{"rendered":"<p>C\u00daCUTA.- Doce pel\u00edculas, seis colombianas y seis venezolanas, disputar\u00e1n el t\u00edtulo de la mejor en el primer festival de cine binacional, organizado por Fundaci\u00f3n para el Desarrollo de las Artes y la Cultura (Fundeart). Los filmes se proyectar\u00e1n en las salas de C\u00facuta y San Crist\u00f3bal. Henry Carde\u00f1o (Laisa), ganador en el 2008 del premio &hellip;<\/p>\n","protected":false},"author":1,"featured_media":10473,"comment_status":"open","ping_status":"open","sticky":false,"template":"","format":"standard","meta":{"footnotes":""},"categories":[4,37],"tags":[206],"class_list":["post-10459","post","type-post","status-publish","format-standard","has-post-thumbnail","hentry","category-barra","category-paseo-cultural","tag-festival-binacional-de-cine"],"_links":{"self":[{"href":"https:\/\/contraluzcucuta.co\/index.php?rest_route=\/wp\/v2\/posts\/10459","targetHints":{"allow":["GET"]}}],"collection":[{"href":"https:\/\/contraluzcucuta.co\/index.php?rest_route=\/wp\/v2\/posts"}],"about":[{"href":"https:\/\/contraluzcucuta.co\/index.php?rest_route=\/wp\/v2\/types\/post"}],"author":[{"embeddable":true,"href":"https:\/\/contraluzcucuta.co\/index.php?rest_route=\/wp\/v2\/users\/1"}],"replies":[{"embeddable":true,"href":"https:\/\/contraluzcucuta.co\/index.php?rest_route=%2Fwp%2Fv2%2Fcomments&post=10459"}],"version-history":[{"count":0,"href":"https:\/\/contraluzcucuta.co\/index.php?rest_route=\/wp\/v2\/posts\/10459\/revisions"}],"wp:attachment":[{"href":"https:\/\/contraluzcucuta.co\/index.php?rest_route=%2Fwp%2Fv2%2Fmedia&parent=10459"}],"wp:term":[{"taxonomy":"category","embeddable":true,"href":"https:\/\/contraluzcucuta.co\/index.php?rest_route=%2Fwp%2Fv2%2Fcategories&post=10459"},{"taxonomy":"post_tag","embeddable":true,"href":"https:\/\/contraluzcucuta.co\/index.php?rest_route=%2Fwp%2Fv2%2Ftags&post=10459"}],"curies":[{"name":"wp","href":"https:\/\/api.w.org\/{rel}","templated":true}]}}