{"id":10448,"date":"2012-03-16T20:49:20","date_gmt":"2012-03-17T01:49:20","guid":{"rendered":"http:\/\/contraluz.co\/?p=10448"},"modified":"2012-03-16T20:49:20","modified_gmt":"2012-03-17T01:49:20","slug":"el-oro-da-poder-el-agua-calma-la-sed","status":"publish","type":"post","link":"https:\/\/contraluzcucuta.co\/?p=10448","title":{"rendered":"El oro da poder, el agua calma la sed"},"content":{"rendered":"<p><strong>C\u00daCUTA.-<\/strong> Un pu\u00f1ado de adultos y j\u00f3venes se concentr\u00f3 en el parque Santander, este viernes, para clamar por la conservaci\u00f3n, protecci\u00f3n y uso racional del agua. Pocas voces se unieron a la manifestaci\u00f3n para protestar por la explotaci\u00f3n mineral en el p\u00e1ramo de Santurb\u00e1n.<\/p>\n<p>Entre los organizadores, promotores y caminantes no hubo concejales, diputados ni congresistas; tampoco llegaron los dirigentes c\u00edvicos, los voceros gremiales ni los portavoces ambientalistas. Solo asistieron unos muchachos alentados por el ambiente que da la marcha.<\/p>\n<p>Los curiosos no llegaron para sumarse a la protesta, ni para aportar ideas, comentarios positivos o pintar frases en el largo trapo blanco que tendieron en el piso. Asistieron para criticar, para desear el fracaso de la jornada y para descalificar el movimiento a favor del recurso h\u00eddrico.<\/p>\n<p>A la actividad con visos de ecologista se unieron la Escuela Jaime Garz\u00f3n y las corporaciones Ra\u00edces Latinoamericanas y Expresi\u00f3n, con los colectivos de teatro, danza, comunicaciones y arte.<\/p>\n<p>En el parque se dio cita \u2018Sim\u00f3n Bol\u00edvar\u2019 para libertar a la naturaleza de la invasi\u00f3n extranjera, representada por las empresas exploradoras y explotadoras de oro en las monta\u00f1as de Norte de Santander y Santander. \u00a0\u00a0A cambio de espada llev\u00f3 un\u00a0marcador para escribir su pensamiento a manera de acr\u00f3stico:<\/p>\n<p><strong>A<\/strong>hora que la libertad est\u00e1 secuestrada, <strong>G<\/strong>ente de todas las razas muere de sed, <strong>U<\/strong>n\u00edos, hermanos, la lucha no est\u00e1 ganada, <strong>A<\/strong>rmaos de ideas y no dej\u00e9is de creer.<\/p>\n<p><a href=\"http:\/\/contraluz.co\/wp-content\/uploads\/2012\/03\/MARCHA-POR-EL-AGUA-008.jpg\"><img loading=\"lazy\" decoding=\"async\" class=\"alignnone size-thumbnail wp-image-10451\" title=\"MARCHA POR EL AGUA 008\" src=\"http:\/\/contraluz.co\/wp-content\/uploads\/2012\/03\/MARCHA-POR-EL-AGUA-008-150x150.jpg\" alt=\"\" width=\"150\" height=\"150\" \/><\/a>\u00a0 <a href=\"http:\/\/contraluz.co\/wp-content\/uploads\/2012\/03\/MARCHA-POR-EL-AGUA-025.jpg\"><img loading=\"lazy\" decoding=\"async\" class=\"alignnone size-thumbnail wp-image-10452\" title=\"MARCHA POR EL AGUA 025\" src=\"http:\/\/contraluz.co\/wp-content\/uploads\/2012\/03\/MARCHA-POR-EL-AGUA-025-150x150.jpg\" alt=\"\" width=\"150\" height=\"150\" \/><\/a>\u00a0 <a href=\"http:\/\/contraluz.co\/wp-content\/uploads\/2012\/03\/MARCHA-POR-EL-AGUA-011.jpg\"><img loading=\"lazy\" decoding=\"async\" class=\"alignnone size-thumbnail wp-image-10453\" title=\"MARCHA POR EL AGUA 011\" src=\"http:\/\/contraluz.co\/wp-content\/uploads\/2012\/03\/MARCHA-POR-EL-AGUA-011-150x150.jpg\" alt=\"\" width=\"150\" height=\"150\" \/><\/a><\/p>\n<p>Jennifer se visti\u00f3 con un diminuto traje de dos piezas y se pinto de \u00a0azul para reflejar el agua pura. A su lado, un hombre alto, verde, asemejaba a la naturaleza. En los alrededores, el for\u00e1neo, de corbata y con m\u00e1scara dorada, merodeaba para atacarlos.<\/p>\n<p>El cacique ind\u00edgena no aguant\u00f3 el deseo de participar y entreg\u00f3 el mensaje a nombre de las tribus del sur del pa\u00eds a las que pertenece. Llam\u00f3 a la uni\u00f3n para defender los r\u00edos.<\/p>\n<p>\u201cCuando tal\u00e9is el \u00faltimo \u00e1rbol y contamin\u00e9is el \u00faltimo r\u00edo, os dar\u00e9is cuenta que el dinero no se come\u201d, lo escribi\u00f3 en silencio una joven y con buena letra para que el mensaje cale entre los lectores. Se apart\u00f3 del tel\u00f3n y dio paso a otro.<\/p>\n<p>\u201cNo queremos oro, el gua vale m\u00e1s\u201d, copi\u00f3 una mujer de edad y comenz\u00f3 la arenga a favor de la naturaleza. La respuesta fue inmediata entre los manifestantes. Los curiosos, que a esa hora aumentaron en n\u00famero, siguieron imp\u00e1vidos.<\/p>\n<p>\u201cNo nos pelearemos entre nosotros, unificados seremos m\u00e1s y poderosos\u201d, \u201cSin oro se vive y sin agua se muere\u201d, \u201cJuan, buscando agua, encontr\u00f3 oro. Se volvi\u00f3 rico, pero muri\u00f3 de sed\u201d.<\/p>\n<p>Colombia es uno de los 10 pa\u00edses de mayor generaci\u00f3n de agua en el mundo. La oferta h\u00eddrica es de seis veces el promedio mundial y tres veces el promedio sudamericano. A pesar de esta oferta, los municipios se abastecen de fuentes peque\u00f1as que no llegan a los 50 litros por segundo.<\/p>\n<p>En los alrededores del p\u00e1ramo de Santurb\u00e1n, desde siempre, ha habido explotaci\u00f3n de carb\u00f3n, arcilla y oro. El mayor problema radica en la masificaci\u00f3n de las actividades en esas zonas, consideradas de protecci\u00f3n ambiental.<\/p>\n<p>En el 2011, se firm\u00f3 un convenio entre las alcald\u00edas de C\u00e1chira, Villacaro, Salazar, Arboledas, Cucutilla, Mutiscua y Pamplona, y la universidad de Pamplona, la Gobernaci\u00f3n y Corponor para la conservaci\u00f3n del complejo lagunar Sisavita-Santurb\u00e1n, con apoyo de la agencia alemana GIZ.<\/p>\n<p>\u201cLos nortesantandereanos no somos indiferentes ante la situaci\u00f3n de amenaza tan grave que est\u00e1n viviendo nuestros p\u00e1ramos y dem\u00e1s ecosistemas estrat\u00e9gicos productores de agua\u201d, dijo Daniel Su\u00e1rez, miembro del Comit\u00e9 del Agua en Norte de Santander.<\/p>\n<p><a href=\"http:\/\/contraluz.co\/wp-content\/uploads\/2012\/03\/MARCHA-POR-EL-AGUA-016.jpg\"><img loading=\"lazy\" decoding=\"async\" class=\"alignnone size-thumbnail wp-image-10454\" title=\"MARCHA POR EL AGUA 016\" src=\"http:\/\/contraluz.co\/wp-content\/uploads\/2012\/03\/MARCHA-POR-EL-AGUA-016-150x150.jpg\" alt=\"\" width=\"150\" height=\"150\" \/><\/a>\u00a0 <a href=\"http:\/\/contraluz.co\/wp-content\/uploads\/2012\/03\/MARCHA-POR-EL-AGUA-010.jpg\"><img loading=\"lazy\" decoding=\"async\" class=\"alignnone size-thumbnail wp-image-10455\" title=\"MARCHA POR EL AGUA 010\" src=\"http:\/\/contraluz.co\/wp-content\/uploads\/2012\/03\/MARCHA-POR-EL-AGUA-010-150x150.jpg\" alt=\"\" width=\"150\" height=\"150\" \/><\/a>\u00a0 <a href=\"http:\/\/contraluz.co\/wp-content\/uploads\/2012\/03\/MARCHA-POR-EL-AGUA-019.jpg\"><img loading=\"lazy\" decoding=\"async\" class=\"alignnone size-thumbnail wp-image-10456\" title=\"MARCHA POR EL AGUA 019\" src=\"http:\/\/contraluz.co\/wp-content\/uploads\/2012\/03\/MARCHA-POR-EL-AGUA-019-150x150.jpg\" alt=\"\" width=\"150\" height=\"150\" \/><\/a><\/p>\n<p><strong>RAFAEL ANTONIO PAB\u00d3N<\/strong><\/p>\n<p><a href=\"mailto:rafaelpabon58@hotmail.com\">rafaelpabon58@hotmail.com<\/a> <\/p>\n","protected":false},"excerpt":{"rendered":"<p>C\u00daCUTA.- Un pu\u00f1ado de adultos y j\u00f3venes se concentr\u00f3 en el parque Santander, este viernes, para clamar por la conservaci\u00f3n, protecci\u00f3n y uso racional del agua. Pocas voces se unieron a la manifestaci\u00f3n para protestar por la explotaci\u00f3n mineral en el p\u00e1ramo de Santurb\u00e1n. Entre los organizadores, promotores y caminantes no hubo concejales, diputados ni &hellip;<\/p>\n","protected":false},"author":1,"featured_media":10450,"comment_status":"open","ping_status":"open","sticky":false,"template":"","format":"standard","meta":{"footnotes":""},"categories":[10,4],"tags":[200],"class_list":["post-10448","post","type-post","status-publish","format-standard","has-post-thumbnail","hentry","category-cronicas","category-barra","tag-paramo-de-santurban"],"_links":{"self":[{"href":"https:\/\/contraluzcucuta.co\/index.php?rest_route=\/wp\/v2\/posts\/10448","targetHints":{"allow":["GET"]}}],"collection":[{"href":"https:\/\/contraluzcucuta.co\/index.php?rest_route=\/wp\/v2\/posts"}],"about":[{"href":"https:\/\/contraluzcucuta.co\/index.php?rest_route=\/wp\/v2\/types\/post"}],"author":[{"embeddable":true,"href":"https:\/\/contraluzcucuta.co\/index.php?rest_route=\/wp\/v2\/users\/1"}],"replies":[{"embeddable":true,"href":"https:\/\/contraluzcucuta.co\/index.php?rest_route=%2Fwp%2Fv2%2Fcomments&post=10448"}],"version-history":[{"count":0,"href":"https:\/\/contraluzcucuta.co\/index.php?rest_route=\/wp\/v2\/posts\/10448\/revisions"}],"wp:attachment":[{"href":"https:\/\/contraluzcucuta.co\/index.php?rest_route=%2Fwp%2Fv2%2Fmedia&parent=10448"}],"wp:term":[{"taxonomy":"category","embeddable":true,"href":"https:\/\/contraluzcucuta.co\/index.php?rest_route=%2Fwp%2Fv2%2Fcategories&post=10448"},{"taxonomy":"post_tag","embeddable":true,"href":"https:\/\/contraluzcucuta.co\/index.php?rest_route=%2Fwp%2Fv2%2Ftags&post=10448"}],"curies":[{"name":"wp","href":"https:\/\/api.w.org\/{rel}","templated":true}]}}