{"id":10426,"date":"2012-03-15T23:59:13","date_gmt":"2012-03-16T04:59:13","guid":{"rendered":"http:\/\/contraluz.co\/?p=10426"},"modified":"2012-03-15T23:59:13","modified_gmt":"2012-03-16T04:59:13","slug":"alcalde-y-vendedores-ambulantes-buscan-salida-a-conflicto","status":"publish","type":"post","link":"https:\/\/contraluzcucuta.co\/?p=10426","title":{"rendered":"Alcalde y vendedores ambulantes buscan salida a conflicto"},"content":{"rendered":"<p><strong>C\u00daCUTA.-<\/strong> El alcalde Donamaris Ram\u00edrez y voceros de los vendedores ambulantes se reunieron, este jueves, para encontrar las bases concertadas de la recuperaci\u00f3n del espacio p\u00fablico, sin perjudicar a las partes.<\/p>\n<p>Sin desconocer los derechos de los informales, se habl\u00f3 mejorar la calidad de vida de quienes trabajan en las calles y se ratific\u00f3 el compromiso de respeto y trabajo.<\/p>\n<p>Los puntos de discusi\u00f3n los puso en la mesa por el representante de la CGT, C\u00e9sar Ruiz. Expuso las inconveniencias que le ve al traslado al Parque Lineal, entre las que denunci\u00f3 incautaciones de mercanc\u00eda.<\/p>\n<p>Voceros de los informales estimaron que las opciones de soluci\u00f3n dispuestas por la Alcald\u00eda no son suficientes. Al Parque no todos los que llegaron son ambulantes. Las organizaciones no enviaron los listados de los afiliados, solicitados dos meses atr\u00e1s.<\/p>\n<p>El secretario de gobierno Luis Alfredo Ram\u00edrez dijo que lo recuperado no se ceder\u00e1. Anunci\u00f3 la devoluci\u00f3n de la mercanc\u00eda incautada. El Secretario de Desarrollo Econ\u00f3mico y Social, Jairo Pulecio, precis\u00f3 que a los informales les da igual vender en la calle o en otro lugar.<\/p>\n<p>Los comerciantes callejeros est\u00e1n dispuestos a vender lo que sea, para cumplir con el sistema de financiaci\u00f3n \u2018gota a gota\u2019, en el que pagan hasta 40 por ciento de inter\u00e9s.<\/p>\n<p>Al final de cuatro horas de estudio de propuestas,\u00a0 se consolid\u00f3 una base de entendimiento. La coordinaci\u00f3n estar\u00e1 a cargo del Ministerio de Trabajo y se conform\u00f3 la comisi\u00f3n de verificaci\u00f3n, integrada por representantes de la CGT, Asovicut, Sintracoin, secretar\u00edas de Gobierno y Desarrollo Econ\u00f3mico y Personer\u00eda.<\/p>\n<p>Entre las conclusiones destacan:<\/p>\n<p><strong>1.-<\/strong> Facilitar el espacio p\u00fablico de la avenida 5A entre calles 6 y 7, previa adecuaci\u00f3n, para que se instalen los vendedores informales afiliados a Asovicut y Sintracoin.<\/p>\n<p><strong>2.-<\/strong> El Parque Lineal, sitio al que deben desplazarse, la administraci\u00f3n municipal los organizar\u00e1 seg\u00fan la clasificaci\u00f3n de los productos.<\/p>\n<p><strong>3.-<\/strong> Entra en estudio la posibilidad de ampliar a un a\u00f1o el pago de la cuota inicial para locales en el Centro Comercial La Merced.<\/p>\n<p><strong>4.-<\/strong> Facilidades de cr\u00e9dito con las tasas m\u00e1s bajas de inter\u00e9s dispuesto por una entidad bancaria.<\/p>\n<p>En la mesa de di\u00e1logo participaron los secretarios de Gobierno, Luis Alfredo Rodr\u00edguez, y de Desarrollo Econ\u00f3mico y Social, Jairo Pulecio; los altos consejero para la Movilidad, Henry Duarte, y para la Educaci\u00f3n, Ram\u00f3n T\u00e1mara; el Personero, Orlando Puentes, y la representante del Ministerio de Trabajo, Sandra Carrascal.<\/p>\n<p>En representaci\u00f3n de los vendedores informales asistieorn C\u00e9sar Ruiz Palacios, de la Confederaci\u00f3n General de Trabajadores (CGT); Arturo B\u00e1ez, presidente de Sintracoin; Parmenio Mendoza, vicepresidente de Sintracoin, e Idalides Vel\u00e1squez, presidenta de Asovicut.<\/p>\n<p>&nbsp;<\/p>\n<p>&nbsp; <\/p>\n","protected":false},"excerpt":{"rendered":"<p>C\u00daCUTA.- El alcalde Donamaris Ram\u00edrez y voceros de los vendedores ambulantes se reunieron, este jueves, para encontrar las bases concertadas de la recuperaci\u00f3n del espacio p\u00fablico, sin perjudicar a las partes. Sin desconocer los derechos de los informales, se habl\u00f3 mejorar la calidad de vida de quienes trabajan en las calles y se ratific\u00f3 el &hellip;<\/p>\n","protected":false},"author":1,"featured_media":10431,"comment_status":"open","ping_status":"open","sticky":false,"template":"","format":"standard","meta":{"footnotes":""},"categories":[36],"tags":[],"class_list":["post-10426","post","type-post","status-publish","format-standard","has-post-thumbnail","hentry","category-la-voz-del-pueblo"],"_links":{"self":[{"href":"https:\/\/contraluzcucuta.co\/index.php?rest_route=\/wp\/v2\/posts\/10426","targetHints":{"allow":["GET"]}}],"collection":[{"href":"https:\/\/contraluzcucuta.co\/index.php?rest_route=\/wp\/v2\/posts"}],"about":[{"href":"https:\/\/contraluzcucuta.co\/index.php?rest_route=\/wp\/v2\/types\/post"}],"author":[{"embeddable":true,"href":"https:\/\/contraluzcucuta.co\/index.php?rest_route=\/wp\/v2\/users\/1"}],"replies":[{"embeddable":true,"href":"https:\/\/contraluzcucuta.co\/index.php?rest_route=%2Fwp%2Fv2%2Fcomments&post=10426"}],"version-history":[{"count":0,"href":"https:\/\/contraluzcucuta.co\/index.php?rest_route=\/wp\/v2\/posts\/10426\/revisions"}],"wp:attachment":[{"href":"https:\/\/contraluzcucuta.co\/index.php?rest_route=%2Fwp%2Fv2%2Fmedia&parent=10426"}],"wp:term":[{"taxonomy":"category","embeddable":true,"href":"https:\/\/contraluzcucuta.co\/index.php?rest_route=%2Fwp%2Fv2%2Fcategories&post=10426"},{"taxonomy":"post_tag","embeddable":true,"href":"https:\/\/contraluzcucuta.co\/index.php?rest_route=%2Fwp%2Fv2%2Ftags&post=10426"}],"curies":[{"name":"wp","href":"https:\/\/api.w.org\/{rel}","templated":true}]}}