{"id":10421,"date":"2012-03-15T23:54:16","date_gmt":"2012-03-16T04:54:16","guid":{"rendered":"http:\/\/contraluz.co\/?p=10421"},"modified":"2012-03-15T23:54:16","modified_gmt":"2012-03-16T04:54:16","slug":"gobernadores-solicitan-reforma-tributaria","status":"publish","type":"post","link":"https:\/\/contraluzcucuta.co\/?p=10421","title":{"rendered":"Gobernadores solicitan reforma tributaria"},"content":{"rendered":"<p><strong>C\u00daCUTA.-<\/strong> El gobernador de Norte de Santander, \u00c9dgar D\u00edaz, est\u00e1 de acuerdo con la propuesta de disminuir la cantidad de impuestos y contribuciones que hay en cada departamento, centralizar el recaudo en pocos tributos y ampliar la base gravable para fortalecer las regiones.<\/p>\n<p>El planteamiento lo hizo el presidente de la Federaci\u00f3n Nacional de Departamentos, Carlos Alberto Botero (Gobernador de Risaralda), en la instalaci\u00f3n de la 44 Asamblea Ordinaria de Gobernadores, que se re\u00fane Pereira. El ministro del interior Germ\u00e1n Vargas Lleras y el director ejecutivo de la Federaci\u00f3n, Germ\u00e1n Chica Giraldo, escucharon la propuesta.<\/p>\n<p>D\u00edaz Contreras dijo que la iniciativa no contempla la creaci\u00f3n de impuestos, sino mejorar los mecanismos de recaudo y de administraci\u00f3n, para consolidar una pol\u00edtica efectiva contra la evasi\u00f3n.<\/p>\n<p>Los miembros de la Federaci\u00f3n debatieron la posibilidad de plantear la descentralizaci\u00f3n en Colombia, en procura del crecimiento arm\u00f3nico y adecuado, para aprovechar la buena voluntad y la disposici\u00f3n del gobierno central para ayudar a las regiones.<\/p>\n<p>El ministro Vargas Lleras anunci\u00f3 que el Gobierno tiene listo el programa piloto para implementar la figura de \u2018Contratos Plan\u2019, que faculta a departamentos y municipios para asociarse y sacar adelante proyectos. El plan se adelantar\u00e1, inicialmente, en Huila, Antioquia, Cesar y Choc\u00f3.<\/p>\n<p>La Asamblea de Gobernadores culmina, este viernes, con la presencia del presidente Juan Manuel Santos.<\/p>\n<p>&nbsp;<\/p>\n<p>&nbsp; <\/p>\n","protected":false},"excerpt":{"rendered":"<p>C\u00daCUTA.- El gobernador de Norte de Santander, \u00c9dgar D\u00edaz, est\u00e1 de acuerdo con la propuesta de disminuir la cantidad de impuestos y contribuciones que hay en cada departamento, centralizar el recaudo en pocos tributos y ampliar la base gravable para fortalecer las regiones. El planteamiento lo hizo el presidente de la Federaci\u00f3n Nacional de Departamentos, &hellip;<\/p>\n","protected":false},"author":1,"featured_media":10422,"comment_status":"open","ping_status":"open","sticky":false,"template":"","format":"standard","meta":{"footnotes":""},"categories":[36],"tags":[],"class_list":["post-10421","post","type-post","status-publish","format-standard","has-post-thumbnail","hentry","category-la-voz-del-pueblo"],"_links":{"self":[{"href":"https:\/\/contraluzcucuta.co\/index.php?rest_route=\/wp\/v2\/posts\/10421","targetHints":{"allow":["GET"]}}],"collection":[{"href":"https:\/\/contraluzcucuta.co\/index.php?rest_route=\/wp\/v2\/posts"}],"about":[{"href":"https:\/\/contraluzcucuta.co\/index.php?rest_route=\/wp\/v2\/types\/post"}],"author":[{"embeddable":true,"href":"https:\/\/contraluzcucuta.co\/index.php?rest_route=\/wp\/v2\/users\/1"}],"replies":[{"embeddable":true,"href":"https:\/\/contraluzcucuta.co\/index.php?rest_route=%2Fwp%2Fv2%2Fcomments&post=10421"}],"version-history":[{"count":0,"href":"https:\/\/contraluzcucuta.co\/index.php?rest_route=\/wp\/v2\/posts\/10421\/revisions"}],"wp:attachment":[{"href":"https:\/\/contraluzcucuta.co\/index.php?rest_route=%2Fwp%2Fv2%2Fmedia&parent=10421"}],"wp:term":[{"taxonomy":"category","embeddable":true,"href":"https:\/\/contraluzcucuta.co\/index.php?rest_route=%2Fwp%2Fv2%2Fcategories&post=10421"},{"taxonomy":"post_tag","embeddable":true,"href":"https:\/\/contraluzcucuta.co\/index.php?rest_route=%2Fwp%2Fv2%2Ftags&post=10421"}],"curies":[{"name":"wp","href":"https:\/\/api.w.org\/{rel}","templated":true}]}}