{"id":10281,"date":"2012-03-13T14:02:33","date_gmt":"2012-03-13T19:02:33","guid":{"rendered":"http:\/\/contraluz.co\/?p=10281"},"modified":"2012-03-13T14:02:33","modified_gmt":"2012-03-13T19:02:33","slug":"martes-13-de-tension-y-protestas-en-cucuta","status":"publish","type":"post","link":"https:\/\/contraluzcucuta.co\/?p=10281","title":{"rendered":"Martes 13 de tensi\u00f3n y protestas en C\u00facuta"},"content":{"rendered":"<p><strong>C\u00daCUTA.-<\/strong> La ma\u00f1ana del martes 13, se vivi\u00f3 baj\u00f3 tensi\u00f3n en C\u00facuta. La Alcald\u00eda orden\u00f3 el desalojo de los vendedores ambulantes de las calles y la reubicaci\u00f3n en el Parque Lineal. Unos, acataron la sugerencia; otros, prefirieron manifestarse en contra de la propuesta oficial.<\/p>\n<p>Maira, Jorge, Jos\u00e9, Miguel, Ingrid, Maryuri y cientos de informales pasaron la noche en vela para cuidar el puesto que escogieron y en el que pasar\u00e1n el siguiente a\u00f1o como informales. Compraron pintura o buscaron tiza para marcar con el nombre el cub\u00edculo de 1,50 metros por 1,20 metros.<\/p>\n<p>Son conscientes de que deben trabajar y que lo mejor es acogerse a las medidas del gobierno cucute\u00f1o antes que salir a la calle a protestar y a hacerse maltratar sin justificaci\u00f3n.<\/p>\n<p>En cambio, Luis, Marta, Mar\u00eda Cristina y otras decenas de compa\u00f1eros de oficio decidieron manifestar el inconformismo y se arremolinaron en la calle 9 con avenida 6, donde se concentraron 40, 50 y hasta 70 agentes del Esmad para evitar desmanes.<\/p>\n<p>No est\u00e1n de acuerdo con los planes que les propone la Alcald\u00eda, reclaman el derecho al trabajo, gritan y maldicen al alcalde Donamaris Ram\u00edrez porque se sienten enga\u00f1ados por su pol\u00edtica de recuperaci\u00f3n de los andenes.<\/p>\n<p>Los vendedores est\u00e1n divididos en dos grupos visibles. Los que aceptaron la propuesta, que son los que venden de la calle 8 hacia abajo, y los que rechazan la iniciativa, que son los que tienen los puestos de la calle 8 hacia arriba.<\/p>\n<p><a href=\"http:\/\/contraluz.co\/wp-content\/uploads\/2012\/03\/VENDEDORES-AMBULANTES-13-03-12-017.jpg\"><img loading=\"lazy\" decoding=\"async\" class=\"alignnone size-thumbnail wp-image-10284\" title=\"VENDEDORES AMBULANTES - 13 - 03 - 12 017\" src=\"http:\/\/contraluz.co\/wp-content\/uploads\/2012\/03\/VENDEDORES-AMBULANTES-13-03-12-017-150x150.jpg\" alt=\"\" width=\"150\" height=\"150\" \/><\/a>\u00a0 <a href=\"http:\/\/contraluz.co\/wp-content\/uploads\/2012\/03\/VENDEDORES-AMBULANTES-13-03-12-022.jpg\"><img loading=\"lazy\" decoding=\"async\" class=\"alignnone size-thumbnail wp-image-10285\" title=\"VENDEDORES AMBULANTES - 13 - 03 - 12 022\" src=\"http:\/\/contraluz.co\/wp-content\/uploads\/2012\/03\/VENDEDORES-AMBULANTES-13-03-12-022-150x150.jpg\" alt=\"\" width=\"150\" height=\"150\" \/><\/a>\u00a0 <a href=\"http:\/\/contraluz.co\/wp-content\/uploads\/2012\/03\/VENDEDORES-AMBULANTES-13-03-12-015.jpg\"><img loading=\"lazy\" decoding=\"async\" class=\"alignnone size-thumbnail wp-image-10286\" title=\"VENDEDORES AMBULANTES - 13 - 03 - 12 015\" src=\"http:\/\/contraluz.co\/wp-content\/uploads\/2012\/03\/VENDEDORES-AMBULANTES-13-03-12-015-150x150.jpg\" alt=\"\" width=\"150\" height=\"150\" \/><\/a><\/p>\n<p>En el Parque Lineal los agentes se mantuvieron tranquilos, no se bajaron de las motocicletas y no pelearon. En el centro, los uniformados forcejearon, recibieron madrazos y necesitaron la presencia de un veh\u00edculo pesado para intimidar a los manifestantes.<\/p>\n<p>Abajo, los secretarios de Desarrollo y Gobierno recorrieron el lugar, impartieron \u00f3rdenes y recogieron los formularios de inscripci\u00f3n para hacerse a un puesto. Arriba, no hubo funcionarios, los oficiales de la polic\u00eda patrullaron para imponer el orden.<\/p>\n<p>Abajo, vivieron un ambiente de camarader\u00eda, hubo tiempo para chistes flojos, marcaron el piso y comenzaron a trabajar. Arriba, la tensi\u00f3n rein\u00f3 en la ma\u00f1ana, las palabras subieron de tono y nadie sac\u00f3 las mercanc\u00edas.<\/p>\n<p>Abajo, los due\u00f1os de bodegas ni se asomaron a la calle, la avenida se vio en su amplitud y los conductores transitaron con fluidez. Arriba, los empleados de los almacenes cerraron las cortinas de hierro, el paso vehicular fue lento y los taxistas recogieron impresiones \u2018a la carrera\u2019 para contarlas a los pr\u00f3ximos pasajeros.<\/p>\n<p>Abajo, el sue\u00f1o es tener la oportunidad de trabajar, ganarse los mismos $20.000 de ayer, volver a casa con lo del mercado y esperar el ma\u00f1ana. Arriba, el anhelo es que los lleven a un sitio digno, que les den garant\u00edas para trabajar y que las ofertas para irse al Centro Comercial Las Mercedes sean reales.<\/p>\n<p>Abajo, los hombres se encargaron de organizar los puestos, no hubo mayores groser\u00edas contra los encargados de imponer orden y no ocurrieron choques. Arriba, las mujeres asumieron la vocer\u00eda, encararon a los agentes hasta con vulgaridades y tres o cuatro manifestantes resultaron maltratados.<\/p>\n<p><a href=\"http:\/\/contraluz.co\/wp-content\/uploads\/2012\/03\/VENDEDORES-AMBULANTES-13-03-12-025.jpg\"><img loading=\"lazy\" decoding=\"async\" class=\"alignnone size-thumbnail wp-image-10287\" title=\"VENDEDORES AMBULANTES - 13 - 03 - 12 025\" src=\"http:\/\/contraluz.co\/wp-content\/uploads\/2012\/03\/VENDEDORES-AMBULANTES-13-03-12-025-150x150.jpg\" alt=\"\" width=\"150\" height=\"150\" \/><\/a>\u00a0 <a href=\"http:\/\/contraluz.co\/wp-content\/uploads\/2012\/03\/VENDEDORES-AMBULANTES-13-03-12-027.jpg\"><img loading=\"lazy\" decoding=\"async\" class=\"alignnone size-thumbnail wp-image-10288\" title=\"VENDEDORES AMBULANTES - 13 - 03 - 12 027\" src=\"http:\/\/contraluz.co\/wp-content\/uploads\/2012\/03\/VENDEDORES-AMBULANTES-13-03-12-027-150x150.jpg\" alt=\"\" width=\"150\" height=\"150\" \/><\/a>\u00a0 <a href=\"http:\/\/contraluz.co\/wp-content\/uploads\/2012\/03\/VENDEDORES-AMBULANTES-13-03-12-030.jpg\"><img loading=\"lazy\" decoding=\"async\" class=\"alignnone size-thumbnail wp-image-10289\" title=\"VENDEDORES AMBULANTES - 13 - 03 - 12 030\" src=\"http:\/\/contraluz.co\/wp-content\/uploads\/2012\/03\/VENDEDORES-AMBULANTES-13-03-12-030-150x150.jpg\" alt=\"\" width=\"150\" height=\"150\" \/><\/a><\/p>\n<p>Abajo, quedan las soluciones propuestas por el gobierno local: el tri\u00e1ngulo en el Parque Lineal, el centro comercial Las Mercedes y el bazar La Sexta. Arriba, est\u00e1n el Oit\u00ed, el parque Santander y el Palacio Municipal.<\/p>\n<p>Al promediar la ma\u00f1ana, cada bloque ten\u00eda definido lo que har\u00eda. El alcalde Donamaris \u00a0Ram\u00edrez no estuvo en la ciudad para ponerle la cara a la situaci\u00f3n. Los andenes permit\u00edan el caminar desahogado de los peatones y la circulaci\u00f3n por la avenida era fluida.<\/p>\n<p>RAFAEL ANTONIO PAB\u00d3N<\/p>\n<p><a href=\"mailto:rafaelpabon58@hotmail.com\">rafaelpabon58@hotmail.com<\/a><\/p>\n<p>&nbsp; <\/p>\n","protected":false},"excerpt":{"rendered":"<p>C\u00daCUTA.- La ma\u00f1ana del martes 13, se vivi\u00f3 baj\u00f3 tensi\u00f3n en C\u00facuta. La Alcald\u00eda orden\u00f3 el desalojo de los vendedores ambulantes de las calles y la reubicaci\u00f3n en el Parque Lineal. Unos, acataron la sugerencia; otros, prefirieron manifestarse en contra de la propuesta oficial. Maira, Jorge, Jos\u00e9, Miguel, Ingrid, Maryuri y cientos de informales pasaron &hellip;<\/p>\n","protected":false},"author":1,"featured_media":10283,"comment_status":"open","ping_status":"open","sticky":false,"template":"","format":"standard","meta":{"footnotes":""},"categories":[10,4],"tags":[170],"class_list":["post-10281","post","type-post","status-publish","format-standard","has-post-thumbnail","hentry","category-cronicas","category-barra","tag-vendedores-ambulantes"],"_links":{"self":[{"href":"https:\/\/contraluzcucuta.co\/index.php?rest_route=\/wp\/v2\/posts\/10281","targetHints":{"allow":["GET"]}}],"collection":[{"href":"https:\/\/contraluzcucuta.co\/index.php?rest_route=\/wp\/v2\/posts"}],"about":[{"href":"https:\/\/contraluzcucuta.co\/index.php?rest_route=\/wp\/v2\/types\/post"}],"author":[{"embeddable":true,"href":"https:\/\/contraluzcucuta.co\/index.php?rest_route=\/wp\/v2\/users\/1"}],"replies":[{"embeddable":true,"href":"https:\/\/contraluzcucuta.co\/index.php?rest_route=%2Fwp%2Fv2%2Fcomments&post=10281"}],"version-history":[{"count":0,"href":"https:\/\/contraluzcucuta.co\/index.php?rest_route=\/wp\/v2\/posts\/10281\/revisions"}],"wp:attachment":[{"href":"https:\/\/contraluzcucuta.co\/index.php?rest_route=%2Fwp%2Fv2%2Fmedia&parent=10281"}],"wp:term":[{"taxonomy":"category","embeddable":true,"href":"https:\/\/contraluzcucuta.co\/index.php?rest_route=%2Fwp%2Fv2%2Fcategories&post=10281"},{"taxonomy":"post_tag","embeddable":true,"href":"https:\/\/contraluzcucuta.co\/index.php?rest_route=%2Fwp%2Fv2%2Ftags&post=10281"}],"curies":[{"name":"wp","href":"https:\/\/api.w.org\/{rel}","templated":true}]}}