{"id":10273,"date":"2012-03-13T13:09:33","date_gmt":"2012-03-13T18:09:33","guid":{"rendered":"http:\/\/contraluz.co\/?p=10273"},"modified":"2012-03-13T13:09:33","modified_gmt":"2012-03-13T18:09:33","slug":"jorge-luis-el-vendedor-ambulante-que-protesto-en-silencio","status":"publish","type":"post","link":"https:\/\/contraluzcucuta.co\/?p=10273","title":{"rendered":"Jorge Luis, el vendedor ambulante que protest\u00f3 en silencio"},"content":{"rendered":"<p><strong>C\u00daCUTA.-<\/strong> Jorge Luis baj\u00f3 temprano desde el barrio Santa Ana para unirse a la protesta por la reubicaci\u00f3n de los vendedores ambulantes, programada por la Alcald\u00eda de \u00a0C\u00facuta. La jornada se cumplir\u00eda en pleno martes 13, fecha cabal\u00edstica que ordena no embarcarse en proyectos, viajes y negocios.<\/p>\n<p>El hombre de 52 a\u00f1os, 18 de los cuales le sirvi\u00f3 al Estado en la Secretar\u00eda de Salud de Norte de Santander, es padre de dos muchachos, el mayor de 17 a\u00f1os, quien seguro ir\u00e1 a la universidad para no sufrir como el padre, y el otro de 8 a\u00f1os, sin futuro pensado.<\/p>\n<p>En las calles cucute\u00f1as, hace 8 a\u00f1os, vende calculadoras para conseguir el sustento y llevar a casa las comodidades que ofrece el estrato uno. Las ganancias las invierte en la familia, paga arriendo y guarda para el plante del d\u00eda siguiente.<\/p>\n<p>A las 9:00 de la ma\u00f1ana, compr\u00f3 un pliego de cartulina y con marcador negro escribi\u00f3 \u2018Donamaris se cree el mes\u00edas de C\u00facuta\u2019. Lo hizo con rabia y con sentimiento, porque siente que el Alcalde quiere parecerse al expresidente \u00c1lvaro Uribe, quien, a su juicio, se consideraba el salvador de los colombianos.<\/p>\n<p>En silencio se par\u00f3 frente al Palacio Municipal en procura de que el jefe del gobierno cucute\u00f1o lo leyera. Permaneci\u00f3 un largo rato de pie, mientras exhib\u00eda la frase de protesta. No corri\u00f3 con suerte y su cometido no se cumpli\u00f3 porque el Alcalde estaba en Bogot\u00e1.<\/p>\n<p>Los compa\u00f1eros de oficio se organizaron para hacerse sentir. Escogieron como punto de encuentro la avenida 6 con calle 9. Decenas de hombres y mujeres reclamaron los derechos al trabajo, gritaron, vociferaron, forcejearon con la polic\u00eda, taparon la v\u00eda y rechazaron las propuestas oficiales de reubicaci\u00f3n en el Parque Lineal.<\/p>\n<p>Jorge Luis busc\u00f3 puesto en el and\u00e9n. Acurrucado aguard\u00f3 el desarrollo de los hechos. No desesper\u00f3 y guard\u00f3 calma. Estuvo en desacuerdo con la manifestaci\u00f3n bulliciosa. Prefiere la palabra escrita a la fuerza bruta. Parece alumno del Mahatma Gandhi y cree en la no violencia para imponer los justos reclamos.<\/p>\n<p>Un d\u00eda quiso hablar con el Alcalde, no para entregarle la hoja de vida ni para pedirle trabajo, quer\u00eda comentarle de su situaci\u00f3n, de sus necesidades. No lo recibi\u00f3 y lo remiti\u00f3 a donde el Secretario Privado. Perdi\u00f3 el impulso y no lo intent\u00f3 de nuevo.<\/p>\n<p>Hoy, est\u00e1 desesperanzado y punto de perder la fe. La tristeza lo llena y cree que hasta podr\u00eda llegar al suicidio por esta vida que lleva mientras ocupa el espacio p\u00fablico.<\/p>\n<p>Pasa inadvertido a pesar de la contundencia del cartel y de la elocuencia de la frase. Habla pausado, no se ha rasurado en varios d\u00edas, viste humilde y las palabras le fluyen con dolor. Los ojos enrojecen al referirse a las calamidades que afronta en el hogar y ante la impotencia de no poder ejercer otro oficio.<\/p>\n<p>&#8211;\u00a0\u00a0\u00a0\u00a0\u00a0\u00a0\u00a0\u00a0 <em>Esta es la l\u00e1pida que nos colgamos<\/em> \u2013 lo dijo con la misma rabia con la que escribi\u00f3 en la cartulina. Alrededor encontr\u00f3 el eco silencioso de otros vendedores que tampoco tienen para d\u00f3nde coger, si no es para las calles a ofrecer medias, discos compactos, afiches, ropa, zapatos y muchos otros productos.<\/p>\n<p>Jorge Luis volvi\u00f3 al silencio con el que lleg\u00f3. Aprieta el cartel. Permanece sentado. Al frente, un piquete de agentes del Esmad est\u00e1 listo para entrar en acci\u00f3n si los comerciantes informales los provocan. Esa es la violencia que no apoya \u00a0este hombre que regresar\u00e1 a casa sin las ganancias del d\u00eda, porque no trabaj\u00f3 por estar en la manifestaci\u00f3n.<\/p>\n<p><strong>RAFAEL ANTONIO PAB\u00d3N<\/strong><\/p>\n<p><a href=\"mailto:rafaelpabon58@hotmail.com\">rafaelpabon58@hotmail.com<\/a><\/p>\n<p><a href=\"http:\/\/contraluz.co\/wp-content\/uploads\/2012\/03\/VENDEDORES-AMBULANTES-13-03-12-024.jpg\"><img loading=\"lazy\" decoding=\"async\" class=\"alignnone size-thumbnail wp-image-10276\" title=\"VENDEDORES AMBULANTES - 13 - 03 - 12 024\" src=\"http:\/\/contraluz.co\/wp-content\/uploads\/2012\/03\/VENDEDORES-AMBULANTES-13-03-12-024-150x150.jpg\" alt=\"\" width=\"150\" height=\"150\" \/><\/a>\u00a0 <a href=\"http:\/\/contraluz.co\/wp-content\/uploads\/2012\/03\/VENDEDORES-AMBULANTES-13-03-12-031.jpg\"><img loading=\"lazy\" decoding=\"async\" class=\"alignnone size-thumbnail wp-image-10277\" title=\"VENDEDORES AMBULANTES - 13 - 03 - 12 031\" src=\"http:\/\/contraluz.co\/wp-content\/uploads\/2012\/03\/VENDEDORES-AMBULANTES-13-03-12-031-150x150.jpg\" alt=\"\" width=\"150\" height=\"150\" \/><\/a>\u00a0 <a href=\"http:\/\/contraluz.co\/wp-content\/uploads\/2012\/03\/VENDEDORES-AMBULANTES-13-03-12-033.jpg\"><img loading=\"lazy\" decoding=\"async\" class=\"alignnone size-thumbnail wp-image-10278\" title=\"VENDEDORES AMBULANTES - 13 - 03 - 12 033\" src=\"http:\/\/contraluz.co\/wp-content\/uploads\/2012\/03\/VENDEDORES-AMBULANTES-13-03-12-033-150x150.jpg\" alt=\"\" width=\"150\" height=\"150\" \/><\/a> <\/p>\n","protected":false},"excerpt":{"rendered":"<p>C\u00daCUTA.- Jorge Luis baj\u00f3 temprano desde el barrio Santa Ana para unirse a la protesta por la reubicaci\u00f3n de los vendedores ambulantes, programada por la Alcald\u00eda de \u00a0C\u00facuta. La jornada se cumplir\u00eda en pleno martes 13, fecha cabal\u00edstica que ordena no embarcarse en proyectos, viajes y negocios. El hombre de 52 a\u00f1os, 18 de los &hellip;<\/p>\n","protected":false},"author":1,"featured_media":10275,"comment_status":"open","ping_status":"open","sticky":false,"template":"","format":"standard","meta":{"footnotes":""},"categories":[17,4],"tags":[170],"class_list":["post-10273","post","type-post","status-publish","format-standard","has-post-thumbnail","hentry","category-conversaciones-a-contraluz","category-barra","tag-vendedores-ambulantes"],"_links":{"self":[{"href":"https:\/\/contraluzcucuta.co\/index.php?rest_route=\/wp\/v2\/posts\/10273","targetHints":{"allow":["GET"]}}],"collection":[{"href":"https:\/\/contraluzcucuta.co\/index.php?rest_route=\/wp\/v2\/posts"}],"about":[{"href":"https:\/\/contraluzcucuta.co\/index.php?rest_route=\/wp\/v2\/types\/post"}],"author":[{"embeddable":true,"href":"https:\/\/contraluzcucuta.co\/index.php?rest_route=\/wp\/v2\/users\/1"}],"replies":[{"embeddable":true,"href":"https:\/\/contraluzcucuta.co\/index.php?rest_route=%2Fwp%2Fv2%2Fcomments&post=10273"}],"version-history":[{"count":0,"href":"https:\/\/contraluzcucuta.co\/index.php?rest_route=\/wp\/v2\/posts\/10273\/revisions"}],"wp:attachment":[{"href":"https:\/\/contraluzcucuta.co\/index.php?rest_route=%2Fwp%2Fv2%2Fmedia&parent=10273"}],"wp:term":[{"taxonomy":"category","embeddable":true,"href":"https:\/\/contraluzcucuta.co\/index.php?rest_route=%2Fwp%2Fv2%2Fcategories&post=10273"},{"taxonomy":"post_tag","embeddable":true,"href":"https:\/\/contraluzcucuta.co\/index.php?rest_route=%2Fwp%2Fv2%2Ftags&post=10273"}],"curies":[{"name":"wp","href":"https:\/\/api.w.org\/{rel}","templated":true}]}}