{"id":10172,"date":"2012-03-08T17:35:13","date_gmt":"2012-03-08T22:35:13","guid":{"rendered":"http:\/\/contraluz.co\/?p=10172"},"modified":"2012-03-08T17:35:13","modified_gmt":"2012-03-08T22:35:13","slug":"la-mujer-no-es-grande-porque-se-iguale-al-hombre-monsenor-vidal-ortiz","status":"publish","type":"post","link":"https:\/\/contraluzcucuta.co\/?p=10172","title":{"rendered":"La mujer no es grande porque se iguale al hombre: monse\u00f1or Vidal Ortiz"},"content":{"rendered":"<p><strong>C\u00daCUTA.-<\/strong> Adentro, en el p\u00falpito de la Catedral de San Jos\u00e9, monse\u00f1or Julio C\u00e9sar Vidal predicaba acerca de la mujer desde el punto de vista de la Iglesia Cat\u00f3lica. Afuera, en el parque Santander, ocho j\u00f3venes les preguntaban a los transe\u00fantes \u00bfc\u00f3mo quieres que sea la mujer del ma\u00f1ana?<\/p>\n<p>El prelado ten\u00eda un p\u00fablico excepcional para la homil\u00eda en la eucarist\u00eda conmemorativa del D\u00eda Internacional de la Mujer. El gobernador Edgar D\u00edaz y su esposa; el alcalde Donamaris Ram\u00edrez y su esposa Maribel Cuadros; funcionarios y funcionarias, y feligreses llenaron el templo.<\/p>\n<p>Las muchachas, vestidas a la usanza hind\u00fa, \u00e1rabe, campesina, gitana, africana e ind\u00edgena, caminaron alrededor de la plaza central para llamar la atenci\u00f3n y en silencio recordarles a los cucute\u00f1os que las mujeres del mundo merecen ser tenidas en cuenta.<\/p>\n<p>Monse\u00f1or les dijo a las asistentes a la iglesia que en ese jueves escuchar\u00edan canciones que les dedicar\u00edan, poemas que les recitar\u00edan y palabras que les susurrar\u00edan para halagarlas, como homenaje en esta fecha.<\/p>\n<p>Las j\u00f3venes pegaron a su espalda cartones para permitirles a los que quisieran que escribieran el mensaje sobre el futuro del g\u00e9nero femenino. El atrevido recib\u00eda papel y bol\u00edgrafo para plasmar ese pensamiento que ellas evaluar\u00e1n y guardar\u00e1n.<\/p>\n<p>\u201cLa mujer ocupa el mismo puesto del hombre. La mujer no es ni superior ni inferior al hombre. Para la fe cat\u00f3lica la dignidad de la mujer viene de Dios. La mujer tiene los mismos deberes y derechos que el hombre. La mujer siempre ha ocupado un puesto al lado del hombre, no en condici\u00f3n inferior\u201d, explic\u00f3 el Obispo.<\/p>\n<p>\u201cMe tom\u00f3 por sorpresa. Espere pienso. No s\u00e9 qu\u00e9 decir. Me gusta la mujer como es hoy\u201d, fueron algunas de las frases expresadas por los hombres en el momento de ser abordados para que respondieran la pregunta que colgaba del cuello de las muchachas.<\/p>\n<p>El jerarca cat\u00f3lico continu\u00f3 con las explicaciones ante los fieles expectantes por el mensaje. \u201cSiempre al lado del hombre hay una mujer que lo complementa\u201d.<\/p>\n<p>Las muchachas buscaban en el recuerdo historias de mujeres de acuerdo con el atuendo que luc\u00edan. Hablaron de casos conocidos, de casos vividos y de casos escuchados.<\/p>\n<p>Al final de la homil\u00eda monse\u00f1or Julio C\u00e9sar Vidal reconoci\u00f3 que las mujeres han soportado momentos dif\u00edciles, y dijo que cada d\u00eda las mujeres son reivindicadas en sus derechos, porque cada d\u00eda son m\u00e1s las que ocupan los puestos que les corresponden en la sociedad.<\/p>\n<p>Las siete j\u00f3venes mantuvieron la manifestaci\u00f3n silenciosa y poco a poso llenaron los cartones que llevaban a la espalda con esas expresiones de los varones que admiraron el valor de visibilizar a sus cong\u00e9neres.<\/p>\n<p>El gobernador D\u00edaz dijo que la mujer es la base de la sociedad, pidi\u00f3 rechazar la discriminaci\u00f3n y record\u00f3 el pacto firmado d\u00edas atr\u00e1s para dignificar a la mujer en Norte de Santander.<\/p>\n<p>El alcalde Ram\u00edrez dijo que el soporte fundamental del plan de desarrollo municipal es la familia y revel\u00f3 el decreto por el cual se declara a C\u00facuta como territorio de paz.<\/p>\n<p>Gesina Lobo, Olga Navarro, myriam Lizarazo, Olga Cristina Jaimes, D\u00e9bora D\u00edaz y Emperatriz Amaya recibieorn una bandeja de plata como reconocimiento a la labor que han cumplido como madres, esposas, esposas y mujeres trabajadoras.<\/p>\n<p><a href=\"http:\/\/contraluz.co\/wp-content\/uploads\/2012\/03\/MISA-DE-LA-MUJER-Y-CORONEL-0101.jpg\"><img loading=\"lazy\" decoding=\"async\" class=\"alignnone size-thumbnail wp-image-10176\" title=\"MISA DE LA MUJER Y CORONEL 010\" src=\"http:\/\/contraluz.co\/wp-content\/uploads\/2012\/03\/MISA-DE-LA-MUJER-Y-CORONEL-0101-150x150.jpg\" alt=\"\" width=\"150\" height=\"150\" \/><\/a>\u00a0\u00a0<a href=\"http:\/\/contraluz.co\/wp-content\/uploads\/2012\/03\/MISA-DE-LA-MUJER-Y-CORONEL-009.jpg\"><img loading=\"lazy\" decoding=\"async\" class=\"alignnone size-thumbnail wp-image-10178\" title=\"MISA DE LA MUJER Y CORONEL 009\" src=\"http:\/\/contraluz.co\/wp-content\/uploads\/2012\/03\/MISA-DE-LA-MUJER-Y-CORONEL-009-150x150.jpg\" alt=\"\" width=\"150\" height=\"150\" \/><\/a> \u00a0<a href=\"http:\/\/contraluz.co\/wp-content\/uploads\/2012\/03\/MISA-DE-LA-MUJER-Y-CORONEL-016.jpg\"><img loading=\"lazy\" decoding=\"async\" class=\"alignnone size-thumbnail wp-image-10177\" title=\"MISA DE LA MUJER Y CORONEL 016\" src=\"http:\/\/contraluz.co\/wp-content\/uploads\/2012\/03\/MISA-DE-LA-MUJER-Y-CORONEL-016-150x150.jpg\" alt=\"\" width=\"150\" height=\"150\" \/><\/a><\/p>\n<p>RAFAEL ANTONIO PAB\u00d3N<\/p>\n<p><a href=\"mailto:rafaelpabon58@htmail.com\">rafaelpabon58@htmail.com<\/a><\/p>\n<p>&nbsp; <\/p>\n","protected":false},"excerpt":{"rendered":"<p>C\u00daCUTA.- Adentro, en el p\u00falpito de la Catedral de San Jos\u00e9, monse\u00f1or Julio C\u00e9sar Vidal predicaba acerca de la mujer desde el punto de vista de la Iglesia Cat\u00f3lica. Afuera, en el parque Santander, ocho j\u00f3venes les preguntaban a los transe\u00fantes \u00bfc\u00f3mo quieres que sea la mujer del ma\u00f1ana? El prelado ten\u00eda un p\u00fablico excepcional &hellip;<\/p>\n","protected":false},"author":1,"featured_media":10174,"comment_status":"open","ping_status":"open","sticky":false,"template":"","format":"standard","meta":{"footnotes":""},"categories":[10,4],"tags":[191],"class_list":["post-10172","post","type-post","status-publish","format-standard","has-post-thumbnail","hentry","category-cronicas","category-barra","tag-monsenor-julio-cesar-vidal"],"_links":{"self":[{"href":"https:\/\/contraluzcucuta.co\/index.php?rest_route=\/wp\/v2\/posts\/10172","targetHints":{"allow":["GET"]}}],"collection":[{"href":"https:\/\/contraluzcucuta.co\/index.php?rest_route=\/wp\/v2\/posts"}],"about":[{"href":"https:\/\/contraluzcucuta.co\/index.php?rest_route=\/wp\/v2\/types\/post"}],"author":[{"embeddable":true,"href":"https:\/\/contraluzcucuta.co\/index.php?rest_route=\/wp\/v2\/users\/1"}],"replies":[{"embeddable":true,"href":"https:\/\/contraluzcucuta.co\/index.php?rest_route=%2Fwp%2Fv2%2Fcomments&post=10172"}],"version-history":[{"count":0,"href":"https:\/\/contraluzcucuta.co\/index.php?rest_route=\/wp\/v2\/posts\/10172\/revisions"}],"wp:attachment":[{"href":"https:\/\/contraluzcucuta.co\/index.php?rest_route=%2Fwp%2Fv2%2Fmedia&parent=10172"}],"wp:term":[{"taxonomy":"category","embeddable":true,"href":"https:\/\/contraluzcucuta.co\/index.php?rest_route=%2Fwp%2Fv2%2Fcategories&post=10172"},{"taxonomy":"post_tag","embeddable":true,"href":"https:\/\/contraluzcucuta.co\/index.php?rest_route=%2Fwp%2Fv2%2Ftags&post=10172"}],"curies":[{"name":"wp","href":"https:\/\/api.w.org\/{rel}","templated":true}]}}