{"id":10121,"date":"2012-03-07T14:21:43","date_gmt":"2012-03-07T19:21:43","guid":{"rendered":"http:\/\/contraluz.co\/?p=10121"},"modified":"2012-03-07T14:21:43","modified_gmt":"2012-03-07T19:21:43","slug":"la-mujer-en-el-deporte","status":"publish","type":"post","link":"https:\/\/contraluzcucuta.co\/?p=10121","title":{"rendered":"La mujer en el deporte"},"content":{"rendered":"<p><strong>C\u00daCUTA.-<\/strong> \u201cEl valor de una persona no se mide por las veces en las que la derriban, sino por las veces en las que se levanta y sigue hacia adelante\u201d. Esta frase describe a Mayerli Amaya, patinadora que reci\u00e9n cumpli\u00f3 15 a\u00f1os.<\/p>\n<p>Cursa d\u00e9cimo grado en el colegio Integrado Juan Atalaya. Tiene la mirada t\u00edmida. Es mujer de pocas palabras, pero de mucho talento. Se caracteriza por ser buena compa\u00f1era, humilde y alegre.<\/p>\n<p>La pasi\u00f3n por el deporte empez\u00f3 hace 6 a\u00f1os, en la categor\u00eda prejuvenil. Mantiene la rutina de lunes a s\u00e1bado, e intercala el horario de los entrenamientos con las responsabilidades del colegio.<\/p>\n<p>\u201cMe paro a las 5:00 de la ma\u00f1ana. Voy al colegio de 6:00 de la ma\u00f1ana \u00a0a 12:00 del d\u00eda. A las 2:00 de la tarde, voy al gimnasio o hago bicicleta hasta las 4:00. De 7:00 a 9:30 de la noche hago lo que m\u00e1s me gusta, patinar\u201d.<\/p>\n<p>Sabe que para entrar en la Selecci\u00f3n Colombia y obtener t\u00edtulos mundiales debe entrenarse duro y mejorar las debilidades que tiene. La \u00a0principal motivaci\u00f3n y apoyo es su padre, quien se ha sacrificado para ayudarla en lo que quiere.<\/p>\n<p>\u201cLa apoyo con los recursos que me da mi Dios. Faltan muchas cosas en las que la pudiera ayudar. Mayerli ser\u00eda mejor si se tuviera m\u00e1s facilidad econ\u00f3mica para estimular las condiciones. Hemos pasado por muchas dificultades para llegar a los triunfos que estamos viviendo. S\u00f3lo queda disfrutarlas\u201d, dijo Alfredo mientras hace un alto en la venta de comestibles en el patinadero Mois\u00e9s Sanju\u00e1n.<\/p>\n<p>Ha participado en m\u00e1s de 20 nacionales. En el reciente que se organiz\u00f3 en C\u00facuta qued\u00f3 campeona en los 300 metros contrarreloj, 1000 metros bater\u00eda y 500 metros ruta.<\/p>\n<p>Le sigue los pasos a Yesica Rozo Silva, compa\u00f1era de patinaje, y quien lleva 14 a\u00f1os en la pr\u00e1ctica de este deporte. Gan\u00f3 la medalla de bronce en el interligas del a\u00f1o pasado; medalla de plata en el nacional y medallista en Copa Am\u00e9rica. Est\u00e1 en el \u00a0cuarto lugar de la clasificaci\u00f3n de velocidad.<\/p>\n<p>\u201cA Mayerli no la veo como rival sino como a una ni\u00f1a que me sigue los pasos. Me est\u00e1 aprendiendo mucho y me ve como apoyo. Tiene un gran futuro. Es potente en la velocidad. Aspiramos a que el a\u00f1o entrante vaya al selectivo y si se le dan los resultados entrar\u00e1 a la Selecci\u00f3n Colombia\u201d, dijo Yesica.<\/p>\n<p>El pr\u00f3ximo campeonato de patinaje, ser\u00e1 en Yopal (Casanare). Mayerli participar\u00e1 en la categor\u00eda prejuvenil, en la modalidad de velocidad. \u201cSon tres pruebas de velocidad y voy a ir por las tres de oro\u201d, dijo con seguridad.<\/p>\n<p><strong>JOHANA BOL\u00cdVAR<\/strong><\/p>\n<p>Estudiante de Comunicaci\u00f3n Social<\/p>\n<p>En la Universidad de Pamplona<\/p>\n<p>Campus de Villa del Rosario <\/p>\n","protected":false},"excerpt":{"rendered":"<p>C\u00daCUTA.- \u201cEl valor de una persona no se mide por las veces en las que la derriban, sino por las veces en las que se levanta y sigue hacia adelante\u201d. Esta frase describe a Mayerli Amaya, patinadora que reci\u00e9n cumpli\u00f3 15 a\u00f1os. Cursa d\u00e9cimo grado en el colegio Integrado Juan Atalaya. Tiene la mirada t\u00edmida. &hellip;<\/p>\n","protected":false},"author":1,"featured_media":10123,"comment_status":"open","ping_status":"open","sticky":false,"template":"","format":"standard","meta":{"footnotes":""},"categories":[7,4],"tags":[187],"class_list":["post-10121","post","type-post","status-publish","format-standard","has-post-thumbnail","hentry","category-acontecimientos","category-barra","tag-dia-internacional-de-la-mujer"],"_links":{"self":[{"href":"https:\/\/contraluzcucuta.co\/index.php?rest_route=\/wp\/v2\/posts\/10121","targetHints":{"allow":["GET"]}}],"collection":[{"href":"https:\/\/contraluzcucuta.co\/index.php?rest_route=\/wp\/v2\/posts"}],"about":[{"href":"https:\/\/contraluzcucuta.co\/index.php?rest_route=\/wp\/v2\/types\/post"}],"author":[{"embeddable":true,"href":"https:\/\/contraluzcucuta.co\/index.php?rest_route=\/wp\/v2\/users\/1"}],"replies":[{"embeddable":true,"href":"https:\/\/contraluzcucuta.co\/index.php?rest_route=%2Fwp%2Fv2%2Fcomments&post=10121"}],"version-history":[{"count":0,"href":"https:\/\/contraluzcucuta.co\/index.php?rest_route=\/wp\/v2\/posts\/10121\/revisions"}],"wp:attachment":[{"href":"https:\/\/contraluzcucuta.co\/index.php?rest_route=%2Fwp%2Fv2%2Fmedia&parent=10121"}],"wp:term":[{"taxonomy":"category","embeddable":true,"href":"https:\/\/contraluzcucuta.co\/index.php?rest_route=%2Fwp%2Fv2%2Fcategories&post=10121"},{"taxonomy":"post_tag","embeddable":true,"href":"https:\/\/contraluzcucuta.co\/index.php?rest_route=%2Fwp%2Fv2%2Ftags&post=10121"}],"curies":[{"name":"wp","href":"https:\/\/api.w.org\/{rel}","templated":true}]}}