{"id":10114,"date":"2012-03-07T14:00:24","date_gmt":"2012-03-07T19:00:24","guid":{"rendered":"http:\/\/contraluz.co\/?p=10114"},"modified":"2012-03-07T14:00:24","modified_gmt":"2012-03-07T19:00:24","slug":"la-mujer-al-servicio-de-la-comunidad","status":"publish","type":"post","link":"https:\/\/contraluzcucuta.co\/?p=10114","title":{"rendered":"La mujer al servicio de la comunidad"},"content":{"rendered":"<p><strong>C\u00daCUTA.- <\/strong>La subteniente Jenny Fernanda Hern\u00e1ndez M\u00e9ndez, de la Polic\u00eda Metropolitana de C\u00facuta (Mecuc), represent\u00f3 a Norte de Santander en el premio Mujer Cafam 2012, como reconocimiento a la labor con la comunidad. Las campa\u00f1as educativas y preventivas emprendidas han beneficiado a centenares de ni\u00f1os y adultos afectados por varios factores sociales.<\/p>\n<p>El trabajo y liderazgo, caracterizados por los programas de capacitaci\u00f3n a la poblaci\u00f3n vulnerable, est\u00e1n orientados a la resoluci\u00f3n de conflictos de manera pac\u00edfica y a la prevenci\u00f3n del delito desde la parte educativa, mediante la cultura ciudadana, el liderazgo comunitario, los primeros auxilios, los derechos y los deberes<\/p>\n<p>El objetivo de la labor es formar promotores en convivencia ciudadana, que se convertir\u00e1n en l\u00edderes en las comunidades para generar cultura de convivencia pac\u00edfica y motivar el desarrollo de trasformaci\u00f3n social, el fortalecimiento de h\u00e1bitos de autoprotecci\u00f3n, la autorregulaci\u00f3n y la solidaridad en b\u00fasqueda de la sana convivencia por medio de la pr\u00e1ctica de valores c\u00edvicos, \u00e9ticos y morales.<\/p>\n<p>Destaca por la preocupaci\u00f3n por la ni\u00f1ez del \u00c1rea Metropolitana de C\u00facuta. Ha dinamizado programas de Polic\u00eda C\u00edvica Juvenil, teniendo como resultados exitosos la vinculaci\u00f3n de 40 grupos con 1407\u00a0 ni\u00f1os y adolescentes. El objetivo principal es desarrollar en la conciencia del futuro ciudadano la clara comprensi\u00f3n de los derechos y los deberes.\u00a0<\/p>\n<p>Como muestra de perseverancia y preocupaci\u00f3n por el mejoramiento y la orientaci\u00f3n de la ni\u00f1ez cucute\u00f1a logr\u00f3 la alianza estrat\u00e9gica con la Universidad de Pamplona, consistente en brindar orientaci\u00f3n en valores y principios, por parte de las estudiantes de la facultad de Pedagog\u00eda Infantil, a los ni\u00f1os de la Polic\u00eda C\u00edvica Juvenil y otros ni\u00f1os de sectores de alta vulnerabilidad, afectados por la violencia y la falta de oportunidades.<\/p>\n<p>Implement\u00f3 en la ciudad el programa \u2018J\u00f3venes a lo Bien\u2019, resultante de la alianza estrat\u00e9gica con el Servicio Nacional de Aprendizaje (Sena). Ofrece a los j\u00f3venes y las familias formaci\u00f3n integral para tener una vida laboral \u00fatil a la sociedad.<\/p>\n<p>Actualmente, se encuentran vinculados j\u00f3venes de los barrios Antonio Santos y Los Olivos, que adelantan un curso complementario de ebanister\u00eda, consistente en enchapes de madera y tableros industriales.\u00a0<\/p>\n<p>Para atender el llamado de las comunidades vulnerables \u00a0ha desarrollado actividades de espacios de integraci\u00f3n en diferentes zonas del \u00c1rea Metropolitana de C\u00facuta. El objetivo es ofrecer apoyo integral a esas comunidades. Cuenta con alianzas estrat\u00e9gicas con profesionales en odontolog\u00eda y academias de belleza, que de forma voluntaria y social se vincularon a la iniciativa policial.<\/p>\n<p>En las jornadas c\u00edvico-policiales ofrece a la comunidad servicios de profilaxis y fluorizaci\u00f3n, peinado y corte de cabello, actividades l\u00fadicas y recreativas (juegos infantiles, payasos, t\u00edteres, cine al parque, espect\u00e1culo canino), acompa\u00f1adas de mensajes de paz y sana convivencia. Hasta el momento ha beneficiado a 16.000 cucute\u00f1os. <\/p>\n","protected":false},"excerpt":{"rendered":"<p>C\u00daCUTA.- La subteniente Jenny Fernanda Hern\u00e1ndez M\u00e9ndez, de la Polic\u00eda Metropolitana de C\u00facuta (Mecuc), represent\u00f3 a Norte de Santander en el premio Mujer Cafam 2012, como reconocimiento a la labor con la comunidad. Las campa\u00f1as educativas y preventivas emprendidas han beneficiado a centenares de ni\u00f1os y adultos afectados por varios factores sociales. El trabajo y &hellip;<\/p>\n","protected":false},"author":1,"featured_media":10117,"comment_status":"open","ping_status":"open","sticky":false,"template":"","format":"standard","meta":{"footnotes":""},"categories":[7,4],"tags":[],"class_list":["post-10114","post","type-post","status-publish","format-standard","has-post-thumbnail","hentry","category-acontecimientos","category-barra"],"_links":{"self":[{"href":"https:\/\/contraluzcucuta.co\/index.php?rest_route=\/wp\/v2\/posts\/10114","targetHints":{"allow":["GET"]}}],"collection":[{"href":"https:\/\/contraluzcucuta.co\/index.php?rest_route=\/wp\/v2\/posts"}],"about":[{"href":"https:\/\/contraluzcucuta.co\/index.php?rest_route=\/wp\/v2\/types\/post"}],"author":[{"embeddable":true,"href":"https:\/\/contraluzcucuta.co\/index.php?rest_route=\/wp\/v2\/users\/1"}],"replies":[{"embeddable":true,"href":"https:\/\/contraluzcucuta.co\/index.php?rest_route=%2Fwp%2Fv2%2Fcomments&post=10114"}],"version-history":[{"count":0,"href":"https:\/\/contraluzcucuta.co\/index.php?rest_route=\/wp\/v2\/posts\/10114\/revisions"}],"wp:attachment":[{"href":"https:\/\/contraluzcucuta.co\/index.php?rest_route=%2Fwp%2Fv2%2Fmedia&parent=10114"}],"wp:term":[{"taxonomy":"category","embeddable":true,"href":"https:\/\/contraluzcucuta.co\/index.php?rest_route=%2Fwp%2Fv2%2Fcategories&post=10114"},{"taxonomy":"post_tag","embeddable":true,"href":"https:\/\/contraluzcucuta.co\/index.php?rest_route=%2Fwp%2Fv2%2Ftags&post=10114"}],"curies":[{"name":"wp","href":"https:\/\/api.w.org\/{rel}","templated":true}]}}