{"id":10101,"date":"2012-03-06T22:33:12","date_gmt":"2012-03-07T03:33:12","guid":{"rendered":"http:\/\/contraluz.co\/?p=10101"},"modified":"2012-03-06T22:33:12","modified_gmt":"2012-03-07T03:33:12","slug":"canyfron-reitera-a-minambiente-reforma-de-corponor","status":"publish","type":"post","link":"https:\/\/contraluzcucuta.co\/?p=10101","title":{"rendered":"Canyfron reitera a Minambiente reforma de Corponor"},"content":{"rendered":"<p><strong>C\u00daCUTA.-<\/strong> La Corporaci\u00f3n Acci\u00f3n Nortesantandereana y Fronteriza (Canyfron) reiter\u00f3 ante\u00a0\u00a0 el ministro de ambiente y desarrollo sostenible Frank Pearl la propuesta de reforma estatutaria de la Corporaci\u00f3n Aut\u00f3noma Regional de la Frontera Nororiental (Corponor) para que se debata y sea tenida en cuenta que el Gobierno tramita ante el Congreso\u00a0 de la Rep\u00fablica el proyecto de reforma a la Ley 99 de 1993 y a la estructura administrativa y operativa de\u00a0 las corporaciones aut\u00f3nomas en Colombia.<\/p>\n<p>El planteamiento se hace a escasos d\u00edas de elegido el vocero de los alcaldes en la directiva de Corponor y que suscit\u00f3 expectativas por conocerse la intervenci\u00f3n de Donamaris Ram\u00edrez para la escogencia.<\/p>\n<p>Sobre la Corporaci\u00f3n Aut\u00f3noma recayeron serios cuestionamientos meses atr\u00e1s, por la injerencia pol\u00edtica y la supremac\u00eda en el reparto burocr\u00e1tico que mantiene el presidente del senado Juan Manuel Corzo.<\/p>\n<p>Canyfron propone reformar la integraci\u00f3n y la conformaci\u00f3n de la junta \u201cpara quitar el peso actual de la influencia de la pol\u00edtica en la toma de decisiones para el desarrollo\u201d.<\/p>\n<p>La intenci\u00f3n es proyectar a la Corporaci\u00f3n\u00a0 como entidad de planificaci\u00f3n y unidad gestora regional, mediante la participaci\u00f3n y contribuci\u00f3n econ\u00f3mica de\u00a0 organismos nacionales, regionales e internacionales, con el fin de mantener una gesti\u00f3n coordinada y permanente.<\/p>\n<p>La propuesta se resume\u00a0 en los siguientes puntos fundamentales:<\/p>\n<p><strong>1.-\u00a0Objeto<\/strong><\/p>\n<p>La Corporaci\u00f3n tendr\u00e1 como objeto principal: Promover, fomentar, encauzar, coordinar, ejecutar y consolidar el desarrollo econ\u00f3mico y social de la regi\u00f3n comprendida dentro de su jurisdicci\u00f3n.<\/p>\n<p>Promover, auspiciar y ejecutar programas, planes y obras propias o de manera conjunta, bilateral o mixta con organismos, entidades y empresas nacionales o extranjeras que se vinculen a la regi\u00f3n y al proceso de integraci\u00f3n fronteriza, pudiendo firmar acuerdos de alcance parcial en concordancia con las disposiciones que rigen a la Aladi, las que se deriven del Pacto Andino o de tratados, acuerdos o cartas de intenci\u00f3n que mantengan vigentes o suscriba Colombia y que de manera directa o indirecta coadyuven al desarrollo econ\u00f3mico y social de la regi\u00f3n.<\/p>\n<p>Ejecutar pol\u00edticas, planes, programas y proyectos sobre medio ambiente y recursos naturales renovables; dar cumplida y oportuna aplicaci\u00f3n a las disposiciones legales sobre la administraci\u00f3n, manejo y aprovechamiento, conforme a las regulaciones, pautas y directrices expedidas por el Ministerio del Medio Ambiente.<\/p>\n<p><strong>2.- Estructura\u00a0 organizacional<\/strong><\/p>\n<p>Reformar la integraci\u00f3n y conformaci\u00f3n de la directiva para quitar el peso de la influencia de la pol\u00edtica en la toma de decisiones para el desarrollo. Por lo tanto, proponemos la siguiente composici\u00f3n.<\/p>\n<p>&#8211;\u00a0\u00a0\u00a0\u00a0\u00a0\u00a0\u00a0\u00a0 El representante del Presidente de la Rep\u00fablica<\/p>\n<p>&#8211;\u00a0\u00a0\u00a0\u00a0\u00a0\u00a0\u00a0\u00a0 El Ministro de Ambiente o su delegado<\/p>\n<p>&#8211;\u00a0\u00a0\u00a0\u00a0\u00a0\u00a0\u00a0\u00a0 El Director del Departamento Administrativo de Planeaci\u00f3n Nacional (DNP) o su delegado.<\/p>\n<p>&#8211;\u00a0\u00a0\u00a0\u00a0\u00a0\u00a0\u00a0\u00a0 El Gobernador o su delegado.<\/p>\n<p>&#8211;\u00a0\u00a0\u00a0\u00a0\u00a0\u00a0\u00a0\u00a0 El Alcalde de la capital del departamento o Alcalde Metropolitano o su delegado.<\/p>\n<p>&#8211;\u00a0\u00a0\u00a0\u00a0\u00a0\u00a0\u00a0\u00a0 Cuatro (4) alcaldes, uno por provincia, integrantes del Consejo Territorial de Planeaci\u00f3n.<\/p>\n<p>&#8211;\u00a0\u00a0\u00a0\u00a0\u00a0\u00a0\u00a0\u00a0 El presidente ejecutivo de la C\u00e1mara de Comercio de la capital del departamento.<\/p>\n<p>&#8211;\u00a0\u00a0\u00a0\u00a0\u00a0\u00a0\u00a0\u00a0 Un representante de los gremios de la construcci\u00f3n, de los gremios de la producci\u00f3n, de las organizaciones ambientales y laborales, de las etnias y de las asociaciones de profesionales, de ternas presentadas al Gobernador<\/p>\n<p>3.-\u00a0<strong>\u201cEntidad de planificaci\u00f3n y unidad gestora regional de desarrollo econ\u00f3mico, social, ambiental, cient\u00edfico, tecnol\u00f3gico y fronterizo\u201d.<\/strong><\/p>\n<p>Una de las fallas regionales, es\u00a0 no contar con un organismo que aglutine prop\u00f3sitos y acciones, y\u00a0 sea capaz de priorizar\u00a0 acciones y aplicar las \u00faltimas metodolog\u00edas de construcci\u00f3n de futuro de la regi\u00f3n, se enfatiza en la importancia de este mecanismo y la conveniencia de la reestructuraci\u00f3n, atendiendo los lineamientos y los prop\u00f3sitos que le dieron\u00a0 fundamento y origen.<\/p>\n<p>&nbsp; <\/p>\n","protected":false},"excerpt":{"rendered":"<p>C\u00daCUTA.- La Corporaci\u00f3n Acci\u00f3n Nortesantandereana y Fronteriza (Canyfron) reiter\u00f3 ante\u00a0\u00a0 el ministro de ambiente y desarrollo sostenible Frank Pearl la propuesta de reforma estatutaria de la Corporaci\u00f3n Aut\u00f3noma Regional de la Frontera Nororiental (Corponor) para que se debata y sea tenida en cuenta que el Gobierno tramita ante el Congreso\u00a0 de la Rep\u00fablica el proyecto &hellip;<\/p>\n","protected":false},"author":1,"featured_media":10102,"comment_status":"open","ping_status":"open","sticky":false,"template":"","format":"standard","meta":{"footnotes":""},"categories":[32],"tags":[],"class_list":["post-10101","post","type-post","status-publish","format-standard","has-post-thumbnail","hentry","category-recorrido-por-la-region"],"_links":{"self":[{"href":"https:\/\/contraluzcucuta.co\/index.php?rest_route=\/wp\/v2\/posts\/10101","targetHints":{"allow":["GET"]}}],"collection":[{"href":"https:\/\/contraluzcucuta.co\/index.php?rest_route=\/wp\/v2\/posts"}],"about":[{"href":"https:\/\/contraluzcucuta.co\/index.php?rest_route=\/wp\/v2\/types\/post"}],"author":[{"embeddable":true,"href":"https:\/\/contraluzcucuta.co\/index.php?rest_route=\/wp\/v2\/users\/1"}],"replies":[{"embeddable":true,"href":"https:\/\/contraluzcucuta.co\/index.php?rest_route=%2Fwp%2Fv2%2Fcomments&post=10101"}],"version-history":[{"count":0,"href":"https:\/\/contraluzcucuta.co\/index.php?rest_route=\/wp\/v2\/posts\/10101\/revisions"}],"wp:attachment":[{"href":"https:\/\/contraluzcucuta.co\/index.php?rest_route=%2Fwp%2Fv2%2Fmedia&parent=10101"}],"wp:term":[{"taxonomy":"category","embeddable":true,"href":"https:\/\/contraluzcucuta.co\/index.php?rest_route=%2Fwp%2Fv2%2Fcategories&post=10101"},{"taxonomy":"post_tag","embeddable":true,"href":"https:\/\/contraluzcucuta.co\/index.php?rest_route=%2Fwp%2Fv2%2Ftags&post=10101"}],"curies":[{"name":"wp","href":"https:\/\/api.w.org\/{rel}","templated":true}]}}